{"id":1723,"date":"2025-07-23T12:25:18","date_gmt":"2025-07-23T15:25:18","guid":{"rendered":"https:\/\/connectaoeste.com.br\/?p=1723"},"modified":"2025-07-23T12:27:51","modified_gmt":"2025-07-23T15:27:51","slug":"1723","status":"publish","type":"post","link":"https:\/\/connectaoeste.com.br\/index.php\/2025\/07\/23\/1723\/","title":{"rendered":"TJBA confirma mandato de Eliton da Multicell em a\u00e7\u00e3o judicial movida por Kak\u00e1 de Lormino."},"content":{"rendered":"<p>Nesta ter\u00e7a-feira, <strong>22 de julho<\/strong>, o Tribunal de Justi\u00e7a da Bahia <strong>(TJBA)<\/strong> manteve a decis\u00e3o que preserva o mandato do Vereador Eliton da Multicell <strong>(Eliton Santos do Nascimento)<\/strong>, representante do munic\u00edpio de Correntina. A a\u00e7\u00e3o foi movida pelo ex-candidato Kak\u00e1 de Lormino <strong>(Mateus Rodrigues Silva<\/strong>), que contestava a regularidade da elei\u00e7\u00e3o de Eliton.<\/p>\n<p><strong>\ud83d\udcce Contexto da a\u00e7\u00e3o<\/strong><br \/>\nKak\u00e1 de Lormino, que concorreu ao cargo de vereador nas \u00faltimas elei\u00e7\u00f5es, entrou com uma a\u00e7\u00e3o judicial alegando supostas irregularidades na campanha de Eliton. O objetivo era a cassa\u00e7\u00e3o do mandato e sua substitui\u00e7\u00e3o pelo suplente.<\/p>\n<p><strong>\u2696\ufe0f Decis\u00e3o do TJBA<\/strong><br \/>\nO tribunal, ao analisar o recurso, confirmou o entendimento da primeira inst\u00e2ncia, julgando improcedente a a\u00e7\u00e3o. Segundo os desembargadores, n\u00e3o foram apresentadas provas suficientes que justificassem a cassa\u00e7\u00e3o do mandato. Com isso, Eliton permanece no cargo.<\/p>\n<p><strong>\ud83d\udd01 Possibilidade de recurso<\/strong><br \/>\nApesar da decis\u00e3o desfavor\u00e1vel ao ex-candidato, o caso ainda pode ser levado \u00e0 terceira inst\u00e2ncia, caso Kak\u00e1 de Lormino opte por recorrer ao Superior Tribunal de Justi\u00e7a (STJ) ou ao Supremo Tribunal Federal (STF), dependendo da natureza jur\u00eddica do recurso.<\/p>\n<p><strong>\ud83d\udccd Desdobramentos<\/strong><\/p>\n<p>O caso ainda cabe recurso.<\/p>\n<p><img loading=\"lazy\" decoding=\"async\" class=\"wp-image-1714 aligncenter\" src=\"http:\/\/connectaoeste.com.br\/wp-content\/uploads\/2025\/07\/BANER-300x65.png\" alt=\"\" width=\"665\" height=\"144\" \/><\/p>\n<p style=\"text-align: center;\"><strong>\ud83d\udce1 Connecta Oeste \u2014 conectando voc\u00ea \u00e0 informa\u00e7\u00e3o de qualidade!<\/strong><\/p>\n","protected":false},"excerpt":{"rendered":"<p>Nesta ter\u00e7a-feira, 22 de julho, o Tribunal de Justi\u00e7a da Bahia (TJBA) manteve a decis\u00e3o que preserva o mandato do Vereador Eliton da Multicell (Eliton Santos do Nascimento), representante do munic\u00edpio de Correntina. A a\u00e7\u00e3o foi movida pelo ex-candidato Kak\u00e1 de Lormino (Mateus Rodrigues Silva), que contestava a regularidade da elei\u00e7\u00e3o de Eliton. \ud83d\udcce Contexto [&hellip;]<\/p>\n","protected":false},"author":1,"featured_media":1724,"comment_status":"open","ping_status":"open","sticky":false,"template":"","format":"standard","meta":{"footnotes":""},"categories":[7,45,5,1],"tags":[],"class_list":["post-1723","post","type-post","status-publish","format-standard","has-post-thumbnail","hentry","category-bahia","category-correntina","category-noticias","category-politica"],"_links":{"self":[{"href":"https:\/\/connectaoeste.com.br\/index.php\/wp-json\/wp\/v2\/posts\/1723","targetHints":{"allow":["GET"]}}],"collection":[{"href":"https:\/\/connectaoeste.com.br\/index.php\/wp-json\/wp\/v2\/posts"}],"about":[{"href":"https:\/\/connectaoeste.com.br\/index.php\/wp-json\/wp\/v2\/types\/post"}],"author":[{"embeddable":true,"href":"https:\/\/connectaoeste.com.br\/index.php\/wp-json\/wp\/v2\/users\/1"}],"replies":[{"embeddable":true,"href":"https:\/\/connectaoeste.com.br\/index.php\/wp-json\/wp\/v2\/comments?post=1723"}],"version-history":[{"count":3,"href":"https:\/\/connectaoeste.com.br\/index.php\/wp-json\/wp\/v2\/posts\/1723\/revisions"}],"predecessor-version":[{"id":1727,"href":"https:\/\/connectaoeste.com.br\/index.php\/wp-json\/wp\/v2\/posts\/1723\/revisions\/1727"}],"wp:featuredmedia":[{"embeddable":true,"href":"https:\/\/connectaoeste.com.br\/index.php\/wp-json\/wp\/v2\/media\/1724"}],"wp:attachment":[{"href":"https:\/\/connectaoeste.com.br\/index.php\/wp-json\/wp\/v2\/media?parent=1723"}],"wp:term":[{"taxonomy":"category","embeddable":true,"href":"https:\/\/connectaoeste.com.br\/index.php\/wp-json\/wp\/v2\/categories?post=1723"},{"taxonomy":"post_tag","embeddable":true,"href":"https:\/\/connectaoeste.com.br\/index.php\/wp-json\/wp\/v2\/tags?post=1723"}],"curies":[{"name":"wp","href":"https:\/\/api.w.org\/{rel}","templated":true}]}}