{"id":1780,"date":"2025-07-29T14:26:57","date_gmt":"2025-07-29T17:26:57","guid":{"rendered":"https:\/\/connectaoeste.com.br\/?p=1780"},"modified":"2025-07-29T14:26:57","modified_gmt":"2025-07-29T17:26:57","slug":"criancas-e-o-uso-de-celulares-no-brasil-entre-conectividade-e-preocupacoes","status":"publish","type":"post","link":"https:\/\/connectaoeste.com.br\/index.php\/2025\/07\/29\/criancas-e-o-uso-de-celulares-no-brasil-entre-conectividade-e-preocupacoes\/","title":{"rendered":"Crian\u00e7as e o Uso de Celulares no Brasil: Entre Conectividade e Preocupa\u00e7\u00f5es"},"content":{"rendered":"<p><!--StartFragment --><\/p>\n<p>O uso de celulares por crian\u00e7as brasileiras tem se tornado cada vez mais comum \u2014 e preocupante. Dados recentes revelam que <strong>mais da metade das crian\u00e7as entre 10 e 13 anos j\u00e1 possuem um celular pr\u00f3prio<\/strong>, e esse n\u00famero cresce a cada ano. Embora o acesso \u00e0 tecnologia possa trazer benef\u00edcios educacionais e sociais, especialistas alertam para os riscos associados ao uso precoce e excessivo dos dispositivos.<\/p>\n<hr \/>\n<h3>\ud83d\udeb8 <strong>Crescimento do Uso entre Crian\u00e7as<\/strong><\/h3>\n<ul>\n<li>Em 2024, <strong>56,5% das crian\u00e7as de 10 a 13 anos tinham celular pr\u00f3prio<\/strong>, um aumento em rela\u00e7\u00e3o aos 54,8% do ano anterior.<\/li>\n<li>O celular \u00e9 o <strong>principal meio de acesso \u00e0 internet<\/strong> entre crian\u00e7as e adolescentes, superando computadores e tablets.<\/li>\n<li>Crian\u00e7as brasileiras est\u00e3o <strong>acessando a internet cada vez mais cedo<\/strong> \u2014 24% come\u00e7aram antes dos 6 anos.<\/li>\n<\/ul>\n<hr \/>\n<h3>\u26a0\ufe0f <strong>Impactos na Sa\u00fade e Desenvolvimento<\/strong><\/h3>\n<p>Estudos apontam que o uso excessivo de celulares pode afetar:<\/p>\n<ul>\n<li><strong>Sa\u00fade mental<\/strong>: aumento de ansiedade, baixa autoestima e dificuldades emocionais.<\/li>\n<li><strong>Sono e vis\u00e3o<\/strong>: exposi\u00e7\u00e3o prolongada \u00e0 luz azul pode causar ins\u00f4nia e fadiga ocular.<\/li>\n<li><strong>Desenvolvimento cognitivo e social<\/strong>: atraso na linguagem, menor intera\u00e7\u00e3o face a face e aumento do sedentarismo.<\/li>\n<\/ul>\n<hr \/>\n<h3>\ud83c\udfeb <strong>Medidas e Recomenda\u00e7\u00f5es<\/strong><\/h3>\n<ul>\n<li>O governo brasileiro lan\u00e7ou em 2025 o guia <em>Crian\u00e7as, Adolescentes e Telas<\/em>, com orienta\u00e7\u00f5es para uso consciente da tecnologia.<\/li>\n<li>A <strong>Lei n\u00ba 15.100\/2025<\/strong> restringe o uso de celulares nas escolas, buscando melhorar a concentra\u00e7\u00e3o e o conv\u00edvio social.<\/li>\n<li>Especialistas recomendam <strong>evitar o uso de smartphones por crian\u00e7as menores de 12 anos<\/strong>, especialmente sem supervis\u00e3o.<\/li>\n<\/ul>\n<hr \/>\n<h3>\ud83d\udc68\u200d\ud83d\udc69\u200d\ud83d\udc67 <strong>O Papel da Fam\u00edlia e da Escola<\/strong><\/h3>\n<ul>\n<li><strong>65% dos pais estipulam limites de tempo de uso<\/strong>, mas esse n\u00famero vem caindo.<\/li>\n<li><strong>59% acreditam que os filhos usam o celular mais do que deveriam<\/strong>.<\/li>\n<li>A media\u00e7\u00e3o ativa de pais e educadores \u00e9 essencial para garantir um ambiente digital saud\u00e1vel.<\/li>\n<\/ul>\n<hr \/>\n<p>O Brasil est\u00e1 diante de um desafio: equilibrar os benef\u00edcios da tecnologia com a prote\u00e7\u00e3o do desenvolvimento infantil. A conscientiza\u00e7\u00e3o, o di\u00e1logo entre fam\u00edlias e escolas, e pol\u00edticas p\u00fablicas eficazes s\u00e3o passos fundamentais para garantir que nossas crian\u00e7as cres\u00e7am conectadas \u2014 mas tamb\u00e9m seguras, saud\u00e1veis e felizes.<\/p>\n<p>&nbsp;<\/p>\n<p><!--EndFragment --><\/p>\n","protected":false},"excerpt":{"rendered":"<p>O uso de celulares por crian\u00e7as brasileiras tem se tornado cada vez mais comum \u2014 e preocupante. Dados recentes revelam que mais da metade das crian\u00e7as entre 10 e 13 anos j\u00e1 possuem um celular pr\u00f3prio, e esse n\u00famero cresce a cada ano. Embora o acesso \u00e0 tecnologia possa trazer benef\u00edcios educacionais e sociais, especialistas [&hellip;]<\/p>\n","protected":false},"author":1,"featured_media":1781,"comment_status":"open","ping_status":"open","sticky":false,"template":"","format":"standard","meta":{"footnotes":""},"categories":[82,8,60,9,5],"tags":[],"class_list":["post-1780","post","type-post","status-publish","format-standard","has-post-thumbnail","hentry","category-aumento","category-brasil","category-educacao","category-mundo","category-noticias"],"_links":{"self":[{"href":"https:\/\/connectaoeste.com.br\/index.php\/wp-json\/wp\/v2\/posts\/1780","targetHints":{"allow":["GET"]}}],"collection":[{"href":"https:\/\/connectaoeste.com.br\/index.php\/wp-json\/wp\/v2\/posts"}],"about":[{"href":"https:\/\/connectaoeste.com.br\/index.php\/wp-json\/wp\/v2\/types\/post"}],"author":[{"embeddable":true,"href":"https:\/\/connectaoeste.com.br\/index.php\/wp-json\/wp\/v2\/users\/1"}],"replies":[{"embeddable":true,"href":"https:\/\/connectaoeste.com.br\/index.php\/wp-json\/wp\/v2\/comments?post=1780"}],"version-history":[{"count":2,"href":"https:\/\/connectaoeste.com.br\/index.php\/wp-json\/wp\/v2\/posts\/1780\/revisions"}],"predecessor-version":[{"id":1783,"href":"https:\/\/connectaoeste.com.br\/index.php\/wp-json\/wp\/v2\/posts\/1780\/revisions\/1783"}],"wp:featuredmedia":[{"embeddable":true,"href":"https:\/\/connectaoeste.com.br\/index.php\/wp-json\/wp\/v2\/media\/1781"}],"wp:attachment":[{"href":"https:\/\/connectaoeste.com.br\/index.php\/wp-json\/wp\/v2\/media?parent=1780"}],"wp:term":[{"taxonomy":"category","embeddable":true,"href":"https:\/\/connectaoeste.com.br\/index.php\/wp-json\/wp\/v2\/categories?post=1780"},{"taxonomy":"post_tag","embeddable":true,"href":"https:\/\/connectaoeste.com.br\/index.php\/wp-json\/wp\/v2\/tags?post=1780"}],"curies":[{"name":"wp","href":"https:\/\/api.w.org\/{rel}","templated":true}]}}