{"id":1788,"date":"2025-07-29T14:37:04","date_gmt":"2025-07-29T17:37:04","guid":{"rendered":"https:\/\/connectaoeste.com.br\/?p=1788"},"modified":"2025-07-29T14:39:37","modified_gmt":"2025-07-29T17:39:37","slug":"aviva-lem-2025-quatro-dias-de-fe-musica-e-comunhao-em-luis-eduardo-magalhaes","status":"publish","type":"post","link":"https:\/\/connectaoeste.com.br\/index.php\/2025\/07\/29\/aviva-lem-2025-quatro-dias-de-fe-musica-e-comunhao-em-luis-eduardo-magalhaes\/","title":{"rendered":"Aviva LEM 2025: Quatro Dias de F\u00e9, M\u00fasica e Comunh\u00e3o em Lu\u00eds Eduardo Magalh\u00e3es."},"content":{"rendered":"<p>De 31 de julho a 3 de agosto, o munic\u00edpio de Lu\u00eds Eduardo Magalh\u00e3es, na Bahia, ser\u00e1 transformado no maior palco gospel do Oeste baiano com a realiza\u00e7\u00e3o do <strong>Aviva LEM 2025<\/strong>, evento que promete reunir milhares de fi\u00e9is em uma celebra\u00e7\u00e3o vibrante de f\u00e9, louvor e uni\u00e3o.<\/p>\n<p>\ud83c\udf1f <strong>Programa\u00e7\u00e3o de Estrelas da M\u00fasica Crist\u00e3<\/strong> Durante os quatro dias de evento, grandes nomes da m\u00fasica gospel nacional se apresentar\u00e3o na Pra\u00e7a da B\u00edblia:<\/p>\n<p><a href=\"https:\/\/www.instagram.com\/prefeituralem\/\"><img loading=\"lazy\" decoding=\"async\" class=\"wp-image-1777 aligncenter\" src=\"http:\/\/connectaoeste.com.br\/wp-content\/uploads\/2025\/07\/cropped-920\u00d7180-300x59.jpg\" alt=\"\" width=\"936\" height=\"184\" srcset=\"https:\/\/connectaoeste.com.br\/wp-content\/uploads\/2025\/07\/cropped-920\u00d7180-300x59.jpg 300w, https:\/\/connectaoeste.com.br\/wp-content\/uploads\/2025\/07\/cropped-920\u00d7180-1024x200.jpg 1024w, https:\/\/connectaoeste.com.br\/wp-content\/uploads\/2025\/07\/cropped-920\u00d7180-768x150.jpg 768w, https:\/\/connectaoeste.com.br\/wp-content\/uploads\/2025\/07\/cropped-920\u00d7180-1536x300.jpg 1536w, https:\/\/connectaoeste.com.br\/wp-content\/uploads\/2025\/07\/cropped-920\u00d7180-200x39.jpg 200w, https:\/\/connectaoeste.com.br\/wp-content\/uploads\/2025\/07\/cropped-920\u00d7180.jpg 1915w\" sizes=\"auto, (max-width: 936px) 100vw, 936px\" \/><\/a><\/p>\n<ul>\n<li><strong>31 de julho (quarta-feira):<\/strong> Sarah Beatriz e Maria Mar\u00e7al<\/li>\n<li><strong>01 de agosto (quinta-feira):<\/strong> Valesca Mayssa, Deive Leonardo e Marcelo Markes<\/li>\n<li><strong>02 de agosto (sexta-feira):<\/strong> Marcha para Jesus com DJ PV, Victin e Ta\u00eds &amp; Ot\u00e1vio<\/li>\n<li><strong>03 de agosto (domingo):<\/strong> Aviva Kids com Cristina Mel \u00e0 tarde e Diante do Trono \u00e0 noite<\/li>\n<\/ul>\n<p>\ud83d\udeb6\u200d\u2642\ufe0f <strong>Marcha para Jesus<\/strong> Um dos momentos mais aguardados ser\u00e1 a tradicional <strong>Marcha para Jesus<\/strong>, no s\u00e1bado (2), quando fi\u00e9is sair\u00e3o pelas ruas em trio el\u00e9trico, com paradas para ora\u00e7\u00e3o e louvor, encerrando em grande celebra\u00e7\u00e3o no palco principal.<\/p>\n<p>\ud83d\udc68\u200d\ud83d\udc69\u200d\ud83d\udc67 <strong>Aviva Kids: Um Domingo para as Fam\u00edlias<\/strong> O domingo ser\u00e1 dedicado \u00e0s crian\u00e7as e fam\u00edlias, com a participa\u00e7\u00e3o especial da cantora <strong>Cristina Mel<\/strong>, \u00edcone da m\u00fasica gospel infantil, seguida pelo encerramento com o grupo <strong>Diante do Trono<\/strong>, liderado por Ana Paula Valad\u00e3o.<\/p>\n<p>\ud83c\udfb6 <strong>Valoriza\u00e7\u00e3o dos Talentos Locais<\/strong> Al\u00e9m das atra\u00e7\u00f5es nacionais, o evento tamb\u00e9m dar\u00e1 espa\u00e7o a <strong>bandas e minist\u00e9rios locais<\/strong>, promovendo a integra\u00e7\u00e3o entre diferentes comunidades de f\u00e9 e fortalecendo os talentos da regi\u00e3o.<\/p>\n<p>\ud83d\ude4f <strong>Mais que um Festival, um Movimento<\/strong> O Aviva LEM 2025 n\u00e3o \u00e9 apenas um festival musical, mas um verdadeiro <strong>movimento de f\u00e9 e transforma\u00e7\u00e3o<\/strong>, que une igrejas, fam\u00edlias e comunidades em torno da mensagem do amor de Deus.<\/p>\n<p>A entrada \u00e9 gratuita e a programa\u00e7\u00e3o \u00e9 voltada para todas as idades. Lu\u00eds Eduardo Magalh\u00e3es est\u00e1 prestes a viver dias inesquec\u00edveis \u2014 e voc\u00ea, vai ficar de fora?<\/p>\n<p style=\"text-align: center;\"><strong><img decoding=\"async\" class=\"emoji aligncenter\" role=\"img\" draggable=\"false\" src=\"https:\/\/s.w.org\/images\/core\/emoji\/16.0.1\/svg\/1f4e1.svg\" alt=\"\ud83d\udce1\" \/>\u00a0Connecta Oeste \u2014 conectando voc\u00ea \u00e0 informa\u00e7\u00e3o de qualidade!<\/strong><\/p>\n","protected":false},"excerpt":{"rendered":"<p>De 31 de julho a 3 de agosto, o munic\u00edpio de Lu\u00eds Eduardo Magalh\u00e3es, na Bahia, ser\u00e1 transformado no maior palco gospel do Oeste baiano com a realiza\u00e7\u00e3o do Aviva LEM 2025, evento que promete reunir milhares de fi\u00e9is em uma celebra\u00e7\u00e3o vibrante de f\u00e9, louvor e uni\u00e3o. \ud83c\udf1f Programa\u00e7\u00e3o de Estrelas da M\u00fasica Crist\u00e3 [&hellip;]<\/p>\n","protected":false},"author":1,"featured_media":1790,"comment_status":"open","ping_status":"open","sticky":false,"template":"","format":"standard","meta":{"footnotes":""},"categories":[7,62,63,46,5],"tags":[],"class_list":["post-1788","post","type-post","status-publish","format-standard","has-post-thumbnail","hentry","category-bahia","category-evento","category-festa","category-lem","category-noticias"],"_links":{"self":[{"href":"https:\/\/connectaoeste.com.br\/index.php\/wp-json\/wp\/v2\/posts\/1788","targetHints":{"allow":["GET"]}}],"collection":[{"href":"https:\/\/connectaoeste.com.br\/index.php\/wp-json\/wp\/v2\/posts"}],"about":[{"href":"https:\/\/connectaoeste.com.br\/index.php\/wp-json\/wp\/v2\/types\/post"}],"author":[{"embeddable":true,"href":"https:\/\/connectaoeste.com.br\/index.php\/wp-json\/wp\/v2\/users\/1"}],"replies":[{"embeddable":true,"href":"https:\/\/connectaoeste.com.br\/index.php\/wp-json\/wp\/v2\/comments?post=1788"}],"version-history":[{"count":2,"href":"https:\/\/connectaoeste.com.br\/index.php\/wp-json\/wp\/v2\/posts\/1788\/revisions"}],"predecessor-version":[{"id":1791,"href":"https:\/\/connectaoeste.com.br\/index.php\/wp-json\/wp\/v2\/posts\/1788\/revisions\/1791"}],"wp:featuredmedia":[{"embeddable":true,"href":"https:\/\/connectaoeste.com.br\/index.php\/wp-json\/wp\/v2\/media\/1790"}],"wp:attachment":[{"href":"https:\/\/connectaoeste.com.br\/index.php\/wp-json\/wp\/v2\/media?parent=1788"}],"wp:term":[{"taxonomy":"category","embeddable":true,"href":"https:\/\/connectaoeste.com.br\/index.php\/wp-json\/wp\/v2\/categories?post=1788"},{"taxonomy":"post_tag","embeddable":true,"href":"https:\/\/connectaoeste.com.br\/index.php\/wp-json\/wp\/v2\/tags?post=1788"}],"curies":[{"name":"wp","href":"https:\/\/api.w.org\/{rel}","templated":true}]}}