{"id":1792,"date":"2025-07-29T14:52:05","date_gmt":"2025-07-29T17:52:05","guid":{"rendered":"https:\/\/connectaoeste.com.br\/?p=1792"},"modified":"2025-07-29T14:52:05","modified_gmt":"2025-07-29T17:52:05","slug":"tre-ba-mantem-chapa-do-psd-em-correntina-decisao-unanime-rejeita-pedido-de-cassacao","status":"publish","type":"post","link":"https:\/\/connectaoeste.com.br\/index.php\/2025\/07\/29\/tre-ba-mantem-chapa-do-psd-em-correntina-decisao-unanime-rejeita-pedido-de-cassacao\/","title":{"rendered":"TRE\/BA Mant\u00e9m Chapa do PSD em Correntina: Decis\u00e3o Un\u00e2nime Rejeita Pedido de Cassa\u00e7\u00e3o"},"content":{"rendered":"<p>Correntina, BA \u2013 Em uma decis\u00e3o un\u00e2nime tomada pelo Tribunal Regional Eleitoral da Bahia (TRE\/BA), os desembargadores rejeitaram o pedido de cassa\u00e7\u00e3o da chapa eleitoral do Partido Social Democr\u00e1tico (PSD) referente \u00e0s elei\u00e7\u00f5es municipais. Com placar de 7 votos a 0, o tribunal manteve a senten\u00e7a de primeira inst\u00e2ncia, que j\u00e1 havia sido desfavor\u00e1vel \u00e0 cassa\u00e7\u00e3o.<br \/>\n<strong>\ud83d\udcdd Origem da A\u00e7\u00e3o<\/strong><br \/>\nA A\u00e7\u00e3o de Investiga\u00e7\u00e3o Judicial Eleitoral (AIJE) foi protocolada na 124\u00aa Zona Eleitoral de Correntina, sob o n\u00famero 0600286-58.2024.6.05.0124, no m\u00eas de dezembro de 2024. O autor da a\u00e7\u00e3o alegava irregularidades praticadas por um candidato ao cargo de vereador pelo PSD, apresentando \u00e1udios e mensagens como provas.<br \/>\nSegundo o impetrante, o conte\u00fado das grava\u00e7\u00f5es apontaria poss\u00edveis condutas il\u00edcitas durante o per\u00edodo eleitoral, o que fundamentaria o pedido de cassa\u00e7\u00e3o de toda a chapa partid\u00e1ria. No entanto, tanto o ju\u00edzo da 1\u00aa inst\u00e2ncia quanto o pleno do TRE\/BA entenderam que os elementos apresentados n\u00e3o foram suficientes para comprovar a gravidade exigida para cassa\u00e7\u00e3o.<br \/>\n<strong>\u2696\ufe0f Decis\u00e3o e Repercuss\u00e3o<\/strong><br \/>\nCom os votos dos sete membros da corte eleitoral baiana, a decis\u00e3o refor\u00e7a a import\u00e2ncia dos crit\u00e9rios t\u00e9cnicos e jur\u00eddicos para a cassa\u00e7\u00e3o de mandatos.<br \/>\nApesar da vit\u00f3ria no TRE\/BA, a parte autora ainda pode recorrer da decis\u00e3o junto ao Tribunal Superior Eleitoral (TSE), em Bras\u00edlia. O recurso dever\u00e1 seguir os tr\u00e2mites legais previstos, com possibilidade de an\u00e1lise por inst\u00e2ncia superior.<br \/>\n<strong>\ud83d\udccc O que vem a seguir?<\/strong><br \/>\nSe o recurso for impetrado no TSE, o caso pode ganhar novos contornos, dependendo da interpreta\u00e7\u00e3o e da admissibilidade das provas em \u00e2mbito nacional. Por ora, a decis\u00e3o do TRE\/BA garante a manuten\u00e7\u00e3o da chapa PSD no cen\u00e1rio pol\u00edtico de Correntina, reafirmando o entendimento de que os fatos apresentados n\u00e3o configuraram abuso suficiente para comprometer a legitimidade do pleito.<\/p>\n<p style=\"text-align: center;\"><strong><img decoding=\"async\" class=\"emoji aligncenter\" role=\"img\" draggable=\"false\" src=\"https:\/\/s.w.org\/images\/core\/emoji\/16.0.1\/svg\/1f4e1.svg\" alt=\"\ud83d\udce1\" \/>\u00a0Connecta Oeste \u2014 conectando voc\u00ea \u00e0 informa\u00e7\u00e3o de qualidade!<\/strong><\/p>\n","protected":false},"excerpt":{"rendered":"<p>Correntina, BA \u2013 Em uma decis\u00e3o un\u00e2nime tomada pelo Tribunal Regional Eleitoral da Bahia (TRE\/BA), os desembargadores rejeitaram o pedido de cassa\u00e7\u00e3o da chapa eleitoral do Partido Social Democr\u00e1tico (PSD) referente \u00e0s elei\u00e7\u00f5es municipais. Com placar de 7 votos a 0, o tribunal manteve a senten\u00e7a de primeira inst\u00e2ncia, que j\u00e1 havia sido desfavor\u00e1vel \u00e0 [&hellip;]<\/p>\n","protected":false},"author":1,"featured_media":1793,"comment_status":"open","ping_status":"open","sticky":false,"template":"","format":"standard","meta":{"footnotes":""},"categories":[7,45,5,1],"tags":[],"class_list":["post-1792","post","type-post","status-publish","format-standard","has-post-thumbnail","hentry","category-bahia","category-correntina","category-noticias","category-politica"],"_links":{"self":[{"href":"https:\/\/connectaoeste.com.br\/index.php\/wp-json\/wp\/v2\/posts\/1792","targetHints":{"allow":["GET"]}}],"collection":[{"href":"https:\/\/connectaoeste.com.br\/index.php\/wp-json\/wp\/v2\/posts"}],"about":[{"href":"https:\/\/connectaoeste.com.br\/index.php\/wp-json\/wp\/v2\/types\/post"}],"author":[{"embeddable":true,"href":"https:\/\/connectaoeste.com.br\/index.php\/wp-json\/wp\/v2\/users\/1"}],"replies":[{"embeddable":true,"href":"https:\/\/connectaoeste.com.br\/index.php\/wp-json\/wp\/v2\/comments?post=1792"}],"version-history":[{"count":1,"href":"https:\/\/connectaoeste.com.br\/index.php\/wp-json\/wp\/v2\/posts\/1792\/revisions"}],"predecessor-version":[{"id":1794,"href":"https:\/\/connectaoeste.com.br\/index.php\/wp-json\/wp\/v2\/posts\/1792\/revisions\/1794"}],"wp:featuredmedia":[{"embeddable":true,"href":"https:\/\/connectaoeste.com.br\/index.php\/wp-json\/wp\/v2\/media\/1793"}],"wp:attachment":[{"href":"https:\/\/connectaoeste.com.br\/index.php\/wp-json\/wp\/v2\/media?parent=1792"}],"wp:term":[{"taxonomy":"category","embeddable":true,"href":"https:\/\/connectaoeste.com.br\/index.php\/wp-json\/wp\/v2\/categories?post=1792"},{"taxonomy":"post_tag","embeddable":true,"href":"https:\/\/connectaoeste.com.br\/index.php\/wp-json\/wp\/v2\/tags?post=1792"}],"curies":[{"name":"wp","href":"https:\/\/api.w.org\/{rel}","templated":true}]}}