{"id":1838,"date":"2025-08-06T09:49:06","date_gmt":"2025-08-06T12:49:06","guid":{"rendered":"https:\/\/connectaoeste.com.br\/?p=1838"},"modified":"2025-08-12T10:50:58","modified_gmt":"2025-08-12T13:50:58","slug":"correntina-tera-estacao-de-tratamento-de-esgoto-com-obras-iniciadas-ainda-em-agosto","status":"publish","type":"post","link":"https:\/\/connectaoeste.com.br\/index.php\/2025\/08\/06\/correntina-tera-estacao-de-tratamento-de-esgoto-com-obras-iniciadas-ainda-em-agosto\/","title":{"rendered":"Correntina ter\u00e1 Esta\u00e7\u00e3o de Tratamento de Esgoto com obras iniciadas ainda em agosto."},"content":{"rendered":"<p>Correntina, BA \u2014 A cidade de Correntina se prepara para receber uma Esta\u00e7\u00e3o de Tratamento de Esgoto. O an\u00fancio foi feito na manh\u00e3 desta quarta-feira, 6 de agosto de 2025, pelo prefeito Mariano, atrav\u00e9s de suas redes sociais.<\/p>\n<div style=\"width: 640px;\" class=\"wp-video\"><!--[if lt IE 9]><script>document.createElement('video');<\/script><![endif]-->\n<video class=\"wp-video-shortcode\" id=\"video-1838-1\" width=\"640\" height=\"1138\" preload=\"metadata\" controls=\"controls\"><source type=\"video\/mp4\" src=\"http:\/\/connectaoeste.com.br\/wp-content\/uploads\/2025\/08\/Vem-ai-a-Estacao-de-Tratamento-de-EsgotoDestravamos-o-recurso-para-resolver-um-dos-maiores-desa.mp4?_=1\" \/><a href=\"http:\/\/connectaoeste.com.br\/wp-content\/uploads\/2025\/08\/Vem-ai-a-Estacao-de-Tratamento-de-EsgotoDestravamos-o-recurso-para-resolver-um-dos-maiores-desa.mp4\">http:\/\/connectaoeste.com.br\/wp-content\/uploads\/2025\/08\/Vem-ai-a-Estacao-de-Tratamento-de-EsgotoDestravamos-o-recurso-para-resolver-um-dos-maiores-desa.mp4<\/a><\/video><\/div>\n<p>De acordo com a publica\u00e7\u00e3o, as obras est\u00e3o previstas para come\u00e7ar ainda neste m\u00eas. A constru\u00e7\u00e3o da esta\u00e7\u00e3o tem como objetivo melhorar o sistema de saneamento b\u00e1sico da cidade, oferecendo uma alternativa ao despejo direto de esgoto em rios e c\u00f3rregos da regi\u00e3o.<br \/>\nA medida \u00e9 considerada um passo importante para a infraestrutura urbana e para a preserva\u00e7\u00e3o ambiental, especialmente no que diz respeito ao cuidado com o rio Correntina, que h\u00e1 anos sofre com a falta de tratamento adequado dos res\u00edduos.<br \/>\nAinda n\u00e3o foram divulgados detalhes sobre o investimento total, o prazo de conclus\u00e3o ou o modelo de opera\u00e7\u00e3o da esta\u00e7\u00e3o. A prefeitura informou que novas atualiza\u00e7\u00f5es ser\u00e3o compartilhadas conforme o andamento do projeto.<br \/>\n<strong>O blog Connecta Oeste seguir\u00e1 acompanhando o desenvolvimento dessa obra e trar\u00e1 mais informa\u00e7\u00f5es assim que estiverem dispon\u00edveis.<\/strong><\/p>\n","protected":false},"excerpt":{"rendered":"<p>Correntina, BA \u2014 A cidade de Correntina se prepara para receber uma Esta\u00e7\u00e3o de Tratamento de Esgoto. O an\u00fancio foi feito na manh\u00e3 desta quarta-feira, 6 de agosto de 2025, pelo prefeito Mariano, atrav\u00e9s de suas redes sociais. De acordo com a publica\u00e7\u00e3o, as obras est\u00e3o previstas para come\u00e7ar ainda neste m\u00eas. A constru\u00e7\u00e3o da [&hellip;]<\/p>\n","protected":false},"author":1,"featured_media":1833,"comment_status":"open","ping_status":"open","sticky":false,"template":"","format":"standard","meta":{"footnotes":""},"categories":[7,45,5],"tags":[],"class_list":["post-1838","post","type-post","status-publish","format-standard","has-post-thumbnail","hentry","category-bahia","category-correntina","category-noticias"],"_links":{"self":[{"href":"https:\/\/connectaoeste.com.br\/index.php\/wp-json\/wp\/v2\/posts\/1838","targetHints":{"allow":["GET"]}}],"collection":[{"href":"https:\/\/connectaoeste.com.br\/index.php\/wp-json\/wp\/v2\/posts"}],"about":[{"href":"https:\/\/connectaoeste.com.br\/index.php\/wp-json\/wp\/v2\/types\/post"}],"author":[{"embeddable":true,"href":"https:\/\/connectaoeste.com.br\/index.php\/wp-json\/wp\/v2\/users\/1"}],"replies":[{"embeddable":true,"href":"https:\/\/connectaoeste.com.br\/index.php\/wp-json\/wp\/v2\/comments?post=1838"}],"version-history":[{"count":2,"href":"https:\/\/connectaoeste.com.br\/index.php\/wp-json\/wp\/v2\/posts\/1838\/revisions"}],"predecessor-version":[{"id":1840,"href":"https:\/\/connectaoeste.com.br\/index.php\/wp-json\/wp\/v2\/posts\/1838\/revisions\/1840"}],"wp:featuredmedia":[{"embeddable":true,"href":"https:\/\/connectaoeste.com.br\/index.php\/wp-json\/wp\/v2\/media\/1833"}],"wp:attachment":[{"href":"https:\/\/connectaoeste.com.br\/index.php\/wp-json\/wp\/v2\/media?parent=1838"}],"wp:term":[{"taxonomy":"category","embeddable":true,"href":"https:\/\/connectaoeste.com.br\/index.php\/wp-json\/wp\/v2\/categories?post=1838"},{"taxonomy":"post_tag","embeddable":true,"href":"https:\/\/connectaoeste.com.br\/index.php\/wp-json\/wp\/v2\/tags?post=1838"}],"curies":[{"name":"wp","href":"https:\/\/api.w.org\/{rel}","templated":true}]}}