{"id":184,"date":"2023-11-23T10:22:26","date_gmt":"2023-11-23T13:22:26","guid":{"rendered":"https:\/\/connectaoeste.com.br\/?p=184"},"modified":"2023-11-23T10:22:26","modified_gmt":"2023-11-23T13:22:26","slug":"lei-que-proibe-contratacao-de-condenados-por-racismo-em-cargos-publicos-e-sancionada-na-bahia","status":"publish","type":"post","link":"https:\/\/connectaoeste.com.br\/index.php\/2023\/11\/23\/lei-que-proibe-contratacao-de-condenados-por-racismo-em-cargos-publicos-e-sancionada-na-bahia\/","title":{"rendered":"Lei que pro\u00edbe contrata\u00e7\u00e3o de condenados por racismo em cargos p\u00fablicos \u00e9 sancionada na Bahia"},"content":{"rendered":"\n<p>O governador da Bahia, Jer\u00f4nimo Rodrigues, sancionou a lei que veda a nomea\u00e7\u00e3o para cargos p\u00fablicos de pessoas que tenham sido condenadas por crimes de racismo na Bahia.&nbsp;A lei foi assinada na Concha Ac\u00fastica do Teatro Castro Alves, durante o evento em celebra\u00e7\u00e3o ao Novembro Negro, na ter\u00e7a-feira (21).<\/p>\n\n\n\n<p>O projeto de lei foi feito pela deputada estadual Fab\u00edola Mansur e foi aprovado, de forma un\u00e2nime, pela Assembleia Legislativa (Alba), durante o m\u00eas de agosto.<\/p>\n\n\n\n<p>Segundo o governador, a lei contribui com a constru\u00e7\u00e3o de pol\u00edticas antirracistas dentro das institui\u00e7\u00f5es. \u201cTodos aqueles que praticam qualquer ato racista, precisam entender que o Estado est\u00e1 alerta a isso. N\u00e3o vamos deixar que essas pessoas tenham a oportunidade de praticar o racismo institucional em cargos de Governo\u201d.<\/p>\n\n\n\n<h2 class=\"wp-block-heading\">Crime de racismo<\/h2>\n\n\n\n<p>O crime de&nbsp;<strong>inj\u00faria racial<\/strong>&nbsp;\u00e9 quando a ofensa atinge a dignidade de uma pessoa por sua ra\u00e7a, cor e etnia. Quase sempre est\u00e1 associado ao uso de palavras depreciativas com a inten\u00e7\u00e3o de ofender a honra da v\u00edtima.<\/p>\n\n\n\n<figure class=\"wp-block-image size-large\"><img loading=\"lazy\" decoding=\"async\" width=\"1024\" height=\"109\" src=\"http:\/\/connectaoeste.com.br\/wp-content\/uploads\/2023\/11\/cropped-cropped-SITE-ID-001-10-1024x109.png\" alt=\"\" class=\"wp-image-109\" srcset=\"https:\/\/connectaoeste.com.br\/wp-content\/uploads\/2023\/11\/cropped-cropped-SITE-ID-001-10-1024x109.png 1024w, https:\/\/connectaoeste.com.br\/wp-content\/uploads\/2023\/11\/cropped-cropped-SITE-ID-001-10-300x32.png 300w, https:\/\/connectaoeste.com.br\/wp-content\/uploads\/2023\/11\/cropped-cropped-SITE-ID-001-10-768x82.png 768w, https:\/\/connectaoeste.com.br\/wp-content\/uploads\/2023\/11\/cropped-cropped-SITE-ID-001-10-1536x164.png 1536w, https:\/\/connectaoeste.com.br\/wp-content\/uploads\/2023\/11\/cropped-cropped-SITE-ID-001-10-2048x218.png 2048w\" sizes=\"auto, (max-width: 1024px) 100vw, 1024px\" \/><\/figure>\n\n\n\n<p>J\u00e1 o crime de&nbsp;<strong>racismo<\/strong>&nbsp;acontece quando a ofensa discriminat\u00f3ria \u00e9 contra um grupo ou coletividade, por causa da ra\u00e7a ou pela cor. Como, por exemplo, impedir que negros tenham acesso a um estabelecimento.<\/p>\n\n\n\n<p>A lei aprovada pelo governo da Bahia abrange apenas o crime de racismo,&nbsp;institu\u00eddo na Constitui\u00e7\u00e3o Brasileira em 1988. O crime \u00e9 inafian\u00e7\u00e1vel \u2013 quer dizer, n\u00e3o se pode pagar para escapar da pris\u00e3o -, e imprescrit\u00edvel \u2013 ou seja, n\u00e3o h\u00e1 prazo para que os autores sejam punidos pela Justi\u00e7a.<\/p>\n\n\n\n<p>Fonte\/\/G1<\/p>\n","protected":false},"excerpt":{"rendered":"<p>O governador da Bahia, Jer\u00f4nimo Rodrigues, sancionou a lei que veda a nomea\u00e7\u00e3o para cargos p\u00fablicos de pessoas que tenham sido condenadas por crimes de racismo na Bahia.&nbsp;A lei foi assinada na Concha Ac\u00fastica do Teatro Castro Alves, durante o evento em celebra\u00e7\u00e3o ao Novembro Negro, na ter\u00e7a-feira (21). O projeto de lei foi feito [&hellip;]<\/p>\n","protected":false},"author":1,"featured_media":185,"comment_status":"open","ping_status":"open","sticky":false,"template":"","format":"standard","meta":{"footnotes":""},"categories":[7,5],"tags":[15],"class_list":["post-184","post","type-post","status-publish","format-standard","has-post-thumbnail","hentry","category-bahia","category-noticias","tag-bahia"],"_links":{"self":[{"href":"https:\/\/connectaoeste.com.br\/index.php\/wp-json\/wp\/v2\/posts\/184","targetHints":{"allow":["GET"]}}],"collection":[{"href":"https:\/\/connectaoeste.com.br\/index.php\/wp-json\/wp\/v2\/posts"}],"about":[{"href":"https:\/\/connectaoeste.com.br\/index.php\/wp-json\/wp\/v2\/types\/post"}],"author":[{"embeddable":true,"href":"https:\/\/connectaoeste.com.br\/index.php\/wp-json\/wp\/v2\/users\/1"}],"replies":[{"embeddable":true,"href":"https:\/\/connectaoeste.com.br\/index.php\/wp-json\/wp\/v2\/comments?post=184"}],"version-history":[{"count":1,"href":"https:\/\/connectaoeste.com.br\/index.php\/wp-json\/wp\/v2\/posts\/184\/revisions"}],"predecessor-version":[{"id":186,"href":"https:\/\/connectaoeste.com.br\/index.php\/wp-json\/wp\/v2\/posts\/184\/revisions\/186"}],"wp:featuredmedia":[{"embeddable":true,"href":"https:\/\/connectaoeste.com.br\/index.php\/wp-json\/wp\/v2\/media\/185"}],"wp:attachment":[{"href":"https:\/\/connectaoeste.com.br\/index.php\/wp-json\/wp\/v2\/media?parent=184"}],"wp:term":[{"taxonomy":"category","embeddable":true,"href":"https:\/\/connectaoeste.com.br\/index.php\/wp-json\/wp\/v2\/categories?post=184"},{"taxonomy":"post_tag","embeddable":true,"href":"https:\/\/connectaoeste.com.br\/index.php\/wp-json\/wp\/v2\/tags?post=184"}],"curies":[{"name":"wp","href":"https:\/\/api.w.org\/{rel}","templated":true}]}}