{"id":1841,"date":"2025-08-07T11:41:25","date_gmt":"2025-08-07T14:41:25","guid":{"rendered":"https:\/\/connectaoeste.com.br\/?p=1841"},"modified":"2025-08-12T11:39:20","modified_gmt":"2025-08-12T14:39:20","slug":"pressao-sobre-o-stf-moraes-lidera-entre-59-pedidos-de-impeachment-no-senado","status":"publish","type":"post","link":"https:\/\/connectaoeste.com.br\/index.php\/2025\/08\/07\/pressao-sobre-o-stf-moraes-lidera-entre-59-pedidos-de-impeachment-no-senado\/","title":{"rendered":"Press\u00e3o sobre o STF: Moraes lidera entre 59 pedidos de impeachment no Senado."},"content":{"rendered":"<p>O Senado Federal j\u00e1 recebeu 59 pedidos de impeachment contra ministros do Supremo Tribunal Federal (STF), segundo levantamento atualizado at\u00e9 agosto de 2025. O ministro Alexandre de Moraes concentra 27 dessas solicita\u00e7\u00f5es, representando quase metade do total acumulado.<br \/>\nOs pedidos foram protocolados por cidad\u00e3os, parlamentares e entidades civis, alegando supostos abusos de autoridade, decis\u00f5es consideradas inconstitucionais e interfer\u00eancia em outros poderes. Apesar da quantidade, nenhum dos pedidos foi adiante at\u00e9 o momento, permanecendo arquivados ou em an\u00e1lise preliminar pela presid\u00eancia do Senado.<br \/>\nAl\u00e9m de Moraes, outros ministros tamb\u00e9m foram alvo de pedidos, como Lu\u00eds Roberto Barroso, atual presidente do STF, e Gilmar Mendes, embora em menor n\u00famero. A crescente judicializa\u00e7\u00e3o da pol\u00edtica e o protagonismo do STF em decis\u00f5es sens\u00edveis t\u00eam alimentado tens\u00f5es entre os Poderes, especialmente em temas como liberdade de express\u00e3o, elei\u00e7\u00f5es e investiga\u00e7\u00f5es criminais.<br \/>\nO presidente do Senado, Rodrigo Pacheco, tem adotado postura cautelosa, afirmando que o impeachment de ministros do STF \u00e9 um instrumento excepcional e que n\u00e3o deve ser usado como retalia\u00e7\u00e3o pol\u00edtica. \u201c\u00c9 preciso responsabilidade institucional. O equil\u00edbrio entre os Poderes \u00e9 essencial para a democracia\u201d, declarou em entrevista recente.<\/p>\n<p>&nbsp;<\/p>\n<p><img loading=\"lazy\" decoding=\"async\" class=\"wp-image-1813 aligncenter\" src=\"http:\/\/connectaoeste.com.br\/wp-content\/uploads\/2025\/08\/BANER-1-300x65.png\" alt=\"\" width=\"715\" height=\"155\" srcset=\"https:\/\/connectaoeste.com.br\/wp-content\/uploads\/2025\/08\/BANER-1-300x65.png 300w, https:\/\/connectaoeste.com.br\/wp-content\/uploads\/2025\/08\/BANER-1-1024x221.png 1024w, https:\/\/connectaoeste.com.br\/wp-content\/uploads\/2025\/08\/BANER-1-768x166.png 768w, https:\/\/connectaoeste.com.br\/wp-content\/uploads\/2025\/08\/BANER-1-1536x332.png 1536w, https:\/\/connectaoeste.com.br\/wp-content\/uploads\/2025\/08\/BANER-1-2048x442.png 2048w, https:\/\/connectaoeste.com.br\/wp-content\/uploads\/2025\/08\/BANER-1-200x43.png 200w\" sizes=\"auto, (max-width: 715px) 100vw, 715px\" \/><br \/>\nEspecialistas em direito constitucional alertam que, embora o impeachment de ministros do STF esteja previsto na legisla\u00e7\u00e3o, sua aplica\u00e7\u00e3o exige crit\u00e9rios rigorosos e provas concretas de crime de responsabilidade \u2014 o que, segundo juristas, n\u00e3o tem sido demonstrado na maioria dos pedidos.<br \/>\nA polariza\u00e7\u00e3o pol\u00edtica e o embate entre setores do Congresso e do Judici\u00e1rio devem manter o tema em evid\u00eancia nos pr\u00f3ximos meses, especialmente com a aproxima\u00e7\u00e3o das elei\u00e7\u00f5es municipais e o fortalecimento de pautas conservadoras no Legislativo.<\/p>\n<p style=\"text-align: center;\"><strong><img decoding=\"async\" class=\"emoji\" role=\"img\" draggable=\"false\" src=\"https:\/\/s.w.org\/images\/core\/emoji\/16.0.1\/svg\/1f4e1.svg\" alt=\"\ud83d\udce1\" \/>\u00a0Connecta Oeste \u2014 conectando voc\u00ea \u00e0 informa\u00e7\u00e3o de qualidade!<\/strong><\/p>\n","protected":false},"excerpt":{"rendered":"<p>O Senado Federal j\u00e1 recebeu 59 pedidos de impeachment contra ministros do Supremo Tribunal Federal (STF), segundo levantamento atualizado at\u00e9 agosto de 2025. O ministro Alexandre de Moraes concentra 27 dessas solicita\u00e7\u00f5es, representando quase metade do total acumulado. Os pedidos foram protocolados por cidad\u00e3os, parlamentares e entidades civis, alegando supostos abusos de autoridade, decis\u00f5es consideradas [&hellip;]<\/p>\n","protected":false},"author":1,"featured_media":1842,"comment_status":"open","ping_status":"open","sticky":false,"template":"","format":"standard","meta":{"footnotes":""},"categories":[8,9,5,1,75],"tags":[],"class_list":["post-1841","post","type-post","status-publish","format-standard","has-post-thumbnail","hentry","category-brasil","category-mundo","category-noticias","category-politica","category-senado"],"_links":{"self":[{"href":"https:\/\/connectaoeste.com.br\/index.php\/wp-json\/wp\/v2\/posts\/1841","targetHints":{"allow":["GET"]}}],"collection":[{"href":"https:\/\/connectaoeste.com.br\/index.php\/wp-json\/wp\/v2\/posts"}],"about":[{"href":"https:\/\/connectaoeste.com.br\/index.php\/wp-json\/wp\/v2\/types\/post"}],"author":[{"embeddable":true,"href":"https:\/\/connectaoeste.com.br\/index.php\/wp-json\/wp\/v2\/users\/1"}],"replies":[{"embeddable":true,"href":"https:\/\/connectaoeste.com.br\/index.php\/wp-json\/wp\/v2\/comments?post=1841"}],"version-history":[{"count":4,"href":"https:\/\/connectaoeste.com.br\/index.php\/wp-json\/wp\/v2\/posts\/1841\/revisions"}],"predecessor-version":[{"id":1846,"href":"https:\/\/connectaoeste.com.br\/index.php\/wp-json\/wp\/v2\/posts\/1841\/revisions\/1846"}],"wp:featuredmedia":[{"embeddable":true,"href":"https:\/\/connectaoeste.com.br\/index.php\/wp-json\/wp\/v2\/media\/1842"}],"wp:attachment":[{"href":"https:\/\/connectaoeste.com.br\/index.php\/wp-json\/wp\/v2\/media?parent=1841"}],"wp:term":[{"taxonomy":"category","embeddable":true,"href":"https:\/\/connectaoeste.com.br\/index.php\/wp-json\/wp\/v2\/categories?post=1841"},{"taxonomy":"post_tag","embeddable":true,"href":"https:\/\/connectaoeste.com.br\/index.php\/wp-json\/wp\/v2\/tags?post=1841"}],"curies":[{"name":"wp","href":"https:\/\/api.w.org\/{rel}","templated":true}]}}