{"id":1848,"date":"2025-08-07T15:42:22","date_gmt":"2025-08-07T18:42:22","guid":{"rendered":"https:\/\/connectaoeste.com.br\/?p=1848"},"modified":"2025-08-12T11:39:25","modified_gmt":"2025-08-12T14:39:25","slug":"correntina-agora-conta-com-corpo-de-bombeiro-civil-uma-iniciativa-privada-a-servico-da-comunidade","status":"publish","type":"post","link":"https:\/\/connectaoeste.com.br\/index.php\/2025\/08\/07\/correntina-agora-conta-com-corpo-de-bombeiro-civil-uma-iniciativa-privada-a-servico-da-comunidade\/","title":{"rendered":"Correntina Agora Conta com Corpo de Bombeiro Civil: Uma Iniciativa Privada a Servi\u00e7o da Comunidade."},"content":{"rendered":"<p><strong>A cidade de Correntina<\/strong>, no Oeste da Bahia, agora conta com um importante refor\u00e7o na \u00e1rea de seguran\u00e7a e prote\u00e7\u00e3o \u00e0 vida: a implanta\u00e7\u00e3o do Corpo de Bombeiro Civil, fruto de uma iniciativa privada comprometida com o bem-estar da popula\u00e7\u00e3o e a preserva\u00e7\u00e3o do meio ambiente.<\/p>\n<p>A equipe, formada por bombeiros civis capacitados e equipados, atuar\u00e1 em diversas frentes, como combate a inc\u00eandios florestais e urbanos, resgates em situa\u00e7\u00f5es de emerg\u00eancia, atendimentos de primeiros socorros, preven\u00e7\u00e3o de acidentes, entre outras a\u00e7\u00f5es essenciais para a seguran\u00e7a p\u00fablica.<\/p>\n<p>A cria\u00e7\u00e3o do Corpo de Bombeiro Civil em Correntina representa um grande avan\u00e7o para a regi\u00e3o, suprindo uma car\u00eancia antiga da popula\u00e7\u00e3o e fortalecendo as a\u00e7\u00f5es de preven\u00e7\u00e3o e resposta a desastres. <strong>O projeto \u00e9 100% privado<\/strong>, mas atua em parceria com a comunidade local, com o objetivo de salvar vidas, proteger patrim\u00f4nios e conservar o Cerrado.<\/p>\n<p style=\"text-align: center;\"><strong>\u201cNosso compromisso \u00e9 com a vida, com a natureza e com a nossa gente. Estamos prontos para agir com rapidez, responsabilidade e profissionalismo onde for preciso\u201d, afirma Tatson Brand\u00e3o,Rayane Branco idealizadores da iniciativa.<\/strong><\/p>\n<p>A presen\u00e7a do Corpo de Bombeiro Civil tamb\u00e9m oferece apoio a eventos, fiscaliza\u00e7\u00f5es t\u00e9cnicas e treinamentos preventivos para empresas, escolas, propriedades rurais e institui\u00e7\u00f5es p\u00fablicas.<\/p>\n<p style=\"text-align: center;\"><strong><img decoding=\"async\" class=\"emoji aligncenter\" role=\"img\" draggable=\"false\" src=\"https:\/\/s.w.org\/images\/core\/emoji\/16.0.1\/svg\/1f4e1.svg\" alt=\"\ud83d\udce1\" \/>\u00a0Connecta Oeste \u2014 conectando voc\u00ea \u00e0 informa\u00e7\u00e3o de qualidade!<\/strong><\/p>\n","protected":false},"excerpt":{"rendered":"<p>A cidade de Correntina, no Oeste da Bahia, agora conta com um importante refor\u00e7o na \u00e1rea de seguran\u00e7a e prote\u00e7\u00e3o \u00e0 vida: a implanta\u00e7\u00e3o do Corpo de Bombeiro Civil, fruto de uma iniciativa privada comprometida com o bem-estar da popula\u00e7\u00e3o e a preserva\u00e7\u00e3o do meio ambiente. A equipe, formada por bombeiros civis capacitados e equipados, [&hellip;]<\/p>\n","protected":false},"author":1,"featured_media":1849,"comment_status":"open","ping_status":"open","sticky":false,"template":"","format":"standard","meta":{"footnotes":""},"categories":[7,45,5],"tags":[],"class_list":["post-1848","post","type-post","status-publish","format-standard","has-post-thumbnail","hentry","category-bahia","category-correntina","category-noticias"],"_links":{"self":[{"href":"https:\/\/connectaoeste.com.br\/index.php\/wp-json\/wp\/v2\/posts\/1848","targetHints":{"allow":["GET"]}}],"collection":[{"href":"https:\/\/connectaoeste.com.br\/index.php\/wp-json\/wp\/v2\/posts"}],"about":[{"href":"https:\/\/connectaoeste.com.br\/index.php\/wp-json\/wp\/v2\/types\/post"}],"author":[{"embeddable":true,"href":"https:\/\/connectaoeste.com.br\/index.php\/wp-json\/wp\/v2\/users\/1"}],"replies":[{"embeddable":true,"href":"https:\/\/connectaoeste.com.br\/index.php\/wp-json\/wp\/v2\/comments?post=1848"}],"version-history":[{"count":2,"href":"https:\/\/connectaoeste.com.br\/index.php\/wp-json\/wp\/v2\/posts\/1848\/revisions"}],"predecessor-version":[{"id":1851,"href":"https:\/\/connectaoeste.com.br\/index.php\/wp-json\/wp\/v2\/posts\/1848\/revisions\/1851"}],"wp:featuredmedia":[{"embeddable":true,"href":"https:\/\/connectaoeste.com.br\/index.php\/wp-json\/wp\/v2\/media\/1849"}],"wp:attachment":[{"href":"https:\/\/connectaoeste.com.br\/index.php\/wp-json\/wp\/v2\/media?parent=1848"}],"wp:term":[{"taxonomy":"category","embeddable":true,"href":"https:\/\/connectaoeste.com.br\/index.php\/wp-json\/wp\/v2\/categories?post=1848"},{"taxonomy":"post_tag","embeddable":true,"href":"https:\/\/connectaoeste.com.br\/index.php\/wp-json\/wp\/v2\/tags?post=1848"}],"curies":[{"name":"wp","href":"https:\/\/api.w.org\/{rel}","templated":true}]}}