{"id":1859,"date":"2025-08-08T23:22:28","date_gmt":"2025-08-09T02:22:28","guid":{"rendered":"https:\/\/connectaoeste.com.br\/?p=1859"},"modified":"2025-08-12T11:39:34","modified_gmt":"2025-08-12T14:39:34","slug":"festival-de-calouros-e-destaque-nesse-final-de-semana-em-correntina","status":"publish","type":"post","link":"https:\/\/connectaoeste.com.br\/index.php\/2025\/08\/08\/festival-de-calouros-e-destaque-nesse-final-de-semana-em-correntina\/","title":{"rendered":"Festival de calouros \u00e9 destaque nesse final de semana em Correntina."},"content":{"rendered":"<p>Comunidade de Pedra Branca munic\u00edpio de Correntina-BA ter\u00e1 nesse s\u00e1bado dia 9 v\u00e9spera do dia dos Pais o primeiro Festival Sertanejo Vozes da Terra. Esse evento tr\u00e1s a valoriza\u00e7\u00e3o da m\u00fasica sertaneja que \u00e9 cultural na regi\u00e3o Oeste da Bahia.<\/p>\n<p><img loading=\"lazy\" decoding=\"async\" class=\"wp-image-1813 aligncenter\" src=\"http:\/\/connectaoeste.com.br\/wp-content\/uploads\/2025\/08\/BANER-1-300x65.png\" alt=\"\" width=\"720\" height=\"156\" srcset=\"https:\/\/connectaoeste.com.br\/wp-content\/uploads\/2025\/08\/BANER-1-300x65.png 300w, https:\/\/connectaoeste.com.br\/wp-content\/uploads\/2025\/08\/BANER-1-1024x221.png 1024w, https:\/\/connectaoeste.com.br\/wp-content\/uploads\/2025\/08\/BANER-1-768x166.png 768w, https:\/\/connectaoeste.com.br\/wp-content\/uploads\/2025\/08\/BANER-1-1536x332.png 1536w, https:\/\/connectaoeste.com.br\/wp-content\/uploads\/2025\/08\/BANER-1-2048x442.png 2048w, https:\/\/connectaoeste.com.br\/wp-content\/uploads\/2025\/08\/BANER-1-200x43.png 200w\" sizes=\"auto, (max-width: 720px) 100vw, 720px\" \/><\/p>\n<p>O Festival Sertanejo Vozes da Terra tem a organiza\u00e7\u00e3o da Associa\u00e7\u00e3o de Pequenos Agricultores de Pedra Branca e \u00e9 um projeto idealizado pelo Vereador <strong>Jean Carlos Pereira dos Santos<\/strong>, mais conhecido como <strong>Jean da Guarda<\/strong>. O evento tem o apoio da <strong>Prefeitura Municipal de Correntina<\/strong> atrav\u00e9s da <strong>Secretaria de Cultura<\/strong>. Segundo a organiza\u00e7\u00e3o o evento est\u00e1 sendo preparado para receber um publico grande pois \u00e9 uma regi\u00e3o forte das tradi\u00e7\u00f5es sertanejas. Al\u00e9m das apresenta\u00e7\u00f5es dos calouros que disputar\u00e3o os pr\u00eamios de primeiro, segundo e terceiro lugar que ter\u00e1 in\u00edcio as <strong>19 horas<\/strong> o evento ter\u00e1 a atra\u00e7\u00e3o da Banda <strong>GVaqueiro<\/strong>. A comunidade de Pedra Branca fica em torno de 10 km da Sede do munic\u00edpio.<\/p>\n<p style=\"text-align: center;\"><strong><img decoding=\"async\" class=\"emoji aligncenter\" role=\"img\" draggable=\"false\" src=\"https:\/\/s.w.org\/images\/core\/emoji\/16.0.1\/svg\/1f4e1.svg\" alt=\"\ud83d\udce1\" \/>\u00a0Connecta Oeste \u2014 conectando voc\u00ea \u00e0 informa\u00e7\u00e3o de qualidade!<\/strong><\/p>\n","protected":false},"excerpt":{"rendered":"<p>Comunidade de Pedra Branca munic\u00edpio de Correntina-BA ter\u00e1 nesse s\u00e1bado dia 9 v\u00e9spera do dia dos Pais o primeiro Festival Sertanejo Vozes da Terra. Esse evento tr\u00e1s a valoriza\u00e7\u00e3o da m\u00fasica sertaneja que \u00e9 cultural na regi\u00e3o Oeste da Bahia. O Festival Sertanejo Vozes da Terra tem a organiza\u00e7\u00e3o da Associa\u00e7\u00e3o de Pequenos Agricultores de [&hellip;]<\/p>\n","protected":false},"author":1,"featured_media":1861,"comment_status":"open","ping_status":"open","sticky":false,"template":"","format":"standard","meta":{"footnotes":""},"categories":[7,45,62,63,5],"tags":[],"class_list":["post-1859","post","type-post","status-publish","format-standard","has-post-thumbnail","hentry","category-bahia","category-correntina","category-evento","category-festa","category-noticias"],"_links":{"self":[{"href":"https:\/\/connectaoeste.com.br\/index.php\/wp-json\/wp\/v2\/posts\/1859","targetHints":{"allow":["GET"]}}],"collection":[{"href":"https:\/\/connectaoeste.com.br\/index.php\/wp-json\/wp\/v2\/posts"}],"about":[{"href":"https:\/\/connectaoeste.com.br\/index.php\/wp-json\/wp\/v2\/types\/post"}],"author":[{"embeddable":true,"href":"https:\/\/connectaoeste.com.br\/index.php\/wp-json\/wp\/v2\/users\/1"}],"replies":[{"embeddable":true,"href":"https:\/\/connectaoeste.com.br\/index.php\/wp-json\/wp\/v2\/comments?post=1859"}],"version-history":[{"count":5,"href":"https:\/\/connectaoeste.com.br\/index.php\/wp-json\/wp\/v2\/posts\/1859\/revisions"}],"predecessor-version":[{"id":1866,"href":"https:\/\/connectaoeste.com.br\/index.php\/wp-json\/wp\/v2\/posts\/1859\/revisions\/1866"}],"wp:featuredmedia":[{"embeddable":true,"href":"https:\/\/connectaoeste.com.br\/index.php\/wp-json\/wp\/v2\/media\/1861"}],"wp:attachment":[{"href":"https:\/\/connectaoeste.com.br\/index.php\/wp-json\/wp\/v2\/media?parent=1859"}],"wp:term":[{"taxonomy":"category","embeddable":true,"href":"https:\/\/connectaoeste.com.br\/index.php\/wp-json\/wp\/v2\/categories?post=1859"},{"taxonomy":"post_tag","embeddable":true,"href":"https:\/\/connectaoeste.com.br\/index.php\/wp-json\/wp\/v2\/tags?post=1859"}],"curies":[{"name":"wp","href":"https:\/\/api.w.org\/{rel}","templated":true}]}}