{"id":1876,"date":"2025-08-11T10:50:10","date_gmt":"2025-08-11T13:50:10","guid":{"rendered":"https:\/\/connectaoeste.com.br\/?p=1876"},"modified":"2025-08-12T11:39:38","modified_gmt":"2025-08-12T14:39:38","slug":"queimadas-no-brasil-em-2025-queda-historica-e-desafios-persistentes","status":"publish","type":"post","link":"https:\/\/connectaoeste.com.br\/index.php\/2025\/08\/11\/queimadas-no-brasil-em-2025-queda-historica-e-desafios-persistentes\/","title":{"rendered":"Queimadas no Brasil em 2025: Queda Hist\u00f3rica e Desafios Persistentes."},"content":{"rendered":"<h2>\ud83d\udcc9 Redu\u00e7\u00e3o Significativa em 2025<\/h2>\n<p>O Brasil registrou uma <strong>queda hist\u00f3rica nas queimadas<\/strong> em 2025. Segundo dados do Minist\u00e9rio do Meio Ambiente e Mudan\u00e7a do Clima, houve uma <strong>redu\u00e7\u00e3o de 56,8% nos focos de calor<\/strong> e <strong>61% nas \u00e1reas queimadas<\/strong> em julho, comparado ao mesmo m\u00eas de 2024. Foram contabilizados <strong>9.713 focos de inc\u00eandio<\/strong>, contra <strong>22.487 no ano anterior<\/strong>, e cerca de <strong>726 mil hectares devastados<\/strong>, frente aos <strong>1,8 milh\u00e3o de hectares<\/strong> queimados em julho de 2024.<\/p>\n<h2>\ud83c\udf31 Destaques por Bioma<\/h2>\n<table>\n<thead>\n<tr>\n<th>Bioma<\/th>\n<th>Queda nos Focos de Calor<\/th>\n<th>Redu\u00e7\u00e3o na \u00c1rea Queimada<\/th>\n<\/tr>\n<\/thead>\n<tbody>\n<tr>\n<td>Pantanal<\/td>\n<td>-96,8%<\/td>\n<td>-99,2%<\/td>\n<\/tr>\n<tr>\n<td>Amaz\u00f4nia<\/td>\n<td>-80,9%<\/td>\n<td>-89,9%<\/td>\n<\/tr>\n<tr>\n<td>Pampa<\/td>\n<td>-15,9%<\/td>\n<td>-12,8%<\/td>\n<\/tr>\n<tr>\n<td>Mata Atl\u00e2ntica<\/td>\n<td>-19,3%<\/td>\n<td>-76,4%<\/td>\n<\/tr>\n<tr>\n<td>Caatinga<\/td>\n<td>+31,9% (aumento)<\/td>\n<td>+43,2% (aumento)<\/td>\n<\/tr>\n<\/tbody>\n<\/table>\n<p>A <strong>Caatinga<\/strong> foi o \u00fanico bioma a apresentar aumento nos indicadores, com <strong>715 focos de calor<\/strong> e <strong>14,700 hectares queimados<\/strong>.<\/p>\n<h2>\ud83d\udee0\ufe0f A\u00e7\u00f5es Governamentais<\/h2>\n<p>Essa redu\u00e7\u00e3o \u00e9 atribu\u00edda a uma combina\u00e7\u00e3o de <strong>condi\u00e7\u00f5es clim\u00e1ticas menos severas<\/strong> e <strong>a\u00e7\u00f5es estrat\u00e9gicas<\/strong>:<\/p>\n<ul>\n<li>Implementa\u00e7\u00e3o da <strong>Pol\u00edtica Nacional de Manejo Integrado do Fogo<\/strong><\/li>\n<li>Contrata\u00e7\u00e3o de <strong>4.385 brigadistas federais<\/strong>, o maior contingente da hist\u00f3ria<\/li>\n<li>Investimento em infraestrutura, incluindo <strong>sete novos helic\u00f3pteros para o Ibama<\/strong><\/li>\n<li>Expans\u00e3o do <strong>Fundo Amaz\u00f4nia<\/strong>, com recursos para bombeiros em \u00e1reas da Amaz\u00f4nia Legal, Cerrado e Pantanal<\/li>\n<\/ul>\n<h2>\ud83c\udf0d Impacto Clim\u00e1tico e Ambiental<\/h2>\n<p>Apesar da queda, o <strong>desmatamento e as queimadas continuam sendo os principais vil\u00f5es clim\u00e1ticos do Brasil<\/strong>, respons\u00e1veis por <strong>46% das emiss\u00f5es de gases de efeito estufa<\/strong> em 2023. A pr\u00e1tica de queimar \u00e1reas rec\u00e9m-desmatadas agrava a degrada\u00e7\u00e3o ambiental e rompe o ciclo da \u00e1gua, afetando chuvas, agricultura e abastecimento urbano.<\/p>\n<h2>\ud83d\udea8 Queimadas em Lix\u00f5es Irregulares<\/h2>\n<p>Um estudo recente identificou <strong>740 lix\u00f5es ilegais<\/strong> que sofreram queimadas nos \u00faltimos dez anos, liberando cerca de <strong>6 milh\u00f5es de toneladas de gases t\u00f3xicos por ano<\/strong>. Esses inc\u00eandios ocorrem a cada dois dias em m\u00e9dia, mesmo \u00e0s v\u00e9speras da <strong>COP30<\/strong>, que ser\u00e1 sediada no Brasil.<\/p>\n<p style=\"text-align: center;\"><strong><img decoding=\"async\" class=\"emoji aligncenter\" role=\"img\" draggable=\"false\" src=\"https:\/\/s.w.org\/images\/core\/emoji\/16.0.1\/svg\/1f4e1.svg\" alt=\"\ud83d\udce1\" \/>\u00a0Connecta Oeste \u2014 conectando voc\u00ea \u00e0 informa\u00e7\u00e3o de qualidade!<\/strong><\/p>\n","protected":false},"excerpt":{"rendered":"<p>\ud83d\udcc9 Redu\u00e7\u00e3o Significativa em 2025 O Brasil registrou uma queda hist\u00f3rica nas queimadas em 2025. Segundo dados do Minist\u00e9rio do Meio Ambiente e Mudan\u00e7a do Clima, houve uma redu\u00e7\u00e3o de 56,8% nos focos de calor e 61% nas \u00e1reas queimadas em julho, comparado ao mesmo m\u00eas de 2024. Foram contabilizados 9.713 focos de inc\u00eandio, contra [&hellip;]<\/p>\n","protected":false},"author":1,"featured_media":1869,"comment_status":"open","ping_status":"open","sticky":false,"template":"","format":"standard","meta":{"footnotes":""},"categories":[8],"tags":[],"class_list":["post-1876","post","type-post","status-publish","format-standard","has-post-thumbnail","hentry","category-brasil"],"_links":{"self":[{"href":"https:\/\/connectaoeste.com.br\/index.php\/wp-json\/wp\/v2\/posts\/1876","targetHints":{"allow":["GET"]}}],"collection":[{"href":"https:\/\/connectaoeste.com.br\/index.php\/wp-json\/wp\/v2\/posts"}],"about":[{"href":"https:\/\/connectaoeste.com.br\/index.php\/wp-json\/wp\/v2\/types\/post"}],"author":[{"embeddable":true,"href":"https:\/\/connectaoeste.com.br\/index.php\/wp-json\/wp\/v2\/users\/1"}],"replies":[{"embeddable":true,"href":"https:\/\/connectaoeste.com.br\/index.php\/wp-json\/wp\/v2\/comments?post=1876"}],"version-history":[{"count":3,"href":"https:\/\/connectaoeste.com.br\/index.php\/wp-json\/wp\/v2\/posts\/1876\/revisions"}],"predecessor-version":[{"id":1879,"href":"https:\/\/connectaoeste.com.br\/index.php\/wp-json\/wp\/v2\/posts\/1876\/revisions\/1879"}],"wp:featuredmedia":[{"embeddable":true,"href":"https:\/\/connectaoeste.com.br\/index.php\/wp-json\/wp\/v2\/media\/1869"}],"wp:attachment":[{"href":"https:\/\/connectaoeste.com.br\/index.php\/wp-json\/wp\/v2\/media?parent=1876"}],"wp:term":[{"taxonomy":"category","embeddable":true,"href":"https:\/\/connectaoeste.com.br\/index.php\/wp-json\/wp\/v2\/categories?post=1876"},{"taxonomy":"post_tag","embeddable":true,"href":"https:\/\/connectaoeste.com.br\/index.php\/wp-json\/wp\/v2\/tags?post=1876"}],"curies":[{"name":"wp","href":"https:\/\/api.w.org\/{rel}","templated":true}]}}