{"id":1897,"date":"2025-08-13T11:13:18","date_gmt":"2025-08-13T14:13:18","guid":{"rendered":"https:\/\/connectaoeste.com.br\/?p=1897"},"modified":"2025-08-13T11:23:47","modified_gmt":"2025-08-13T14:23:47","slug":"festival-sertanejo-vozes-da-terra-revela-talentos-e-emociona-o-publico","status":"publish","type":"post","link":"https:\/\/connectaoeste.com.br\/index.php\/2025\/08\/13\/festival-sertanejo-vozes-da-terra-revela-talentos-e-emociona-o-publico\/","title":{"rendered":"Festival Sertanejo \u201cVozes da Terra\u201d revela talentos e emociona o p\u00fablico."},"content":{"rendered":"<p>No \u00faltimo s\u00e1bado,<strong> 09 de agosto<\/strong>, a comunidade de Pedra Branca, no munic\u00edpio de Correntina\/BA, sediou a primeira edi\u00e7\u00e3o do <strong>Festival Sertanejo \u201cVozes da Terra\u201d<\/strong>. O evento contou com apresenta\u00e7\u00f5es de calouros da regi\u00e3o, que interpretaram m\u00fasicas do g\u00eanero sertanejo diante de uma comiss\u00e3o de jurados.<\/p>\n<div style=\"width: 640px;\" class=\"wp-video\"><!--[if lt IE 9]><script>document.createElement('video');<\/script><![endif]-->\n<video class=\"wp-video-shortcode\" id=\"video-1897-1\" width=\"640\" height=\"1138\" preload=\"metadata\" controls=\"controls\"><source type=\"video\/mp4\" src=\"http:\/\/connectaoeste.com.br\/wp-content\/uploads\/2025\/08\/lv_0_20250811160609.mp4?_=1\" \/><a href=\"http:\/\/connectaoeste.com.br\/wp-content\/uploads\/2025\/08\/lv_0_20250811160609.mp4\">http:\/\/connectaoeste.com.br\/wp-content\/uploads\/2025\/08\/lv_0_20250811160609.mp4<\/a><\/video><\/div>\n<p>&nbsp;<\/p>\n<p>Durante a competi\u00e7\u00e3o, os participantes foram avaliados por crit\u00e9rios definidos pelos jurados. Ao final, <strong>Isabela e Manuella<\/strong> foram anunciadas como vencedoras da edi\u00e7\u00e3o.<br \/>\nO festival foi idealizado pelo <strong>vereador Jean da Guarda<\/strong> e organizado por ele e pela pr\u00f3pria comunidade de Pedra Branca atrav\u00e9s da Associa\u00e7\u00e3o dos Pequenos Produtores da comunidade. De acordo com os organizadores, o evento teve apoio da <strong>Prefeitura Municipal de Correntina e da Secretaria de Cultura<\/strong>.<br \/>\nO festival foi realizado sem fins lucrativos particular. Segundo a organiza\u00e7\u00e3o, todo o valor arrecadado com vendas de alimentos e bebidas foi destinado \u00e0 Associa\u00e7\u00e3o de Pedra Branca, entidade local que atua em projetos comunit\u00e1rios.<br \/>\nA programa\u00e7\u00e3o foi aberta ao p\u00fablico e contou com estrutura montada para receber os participantes e espectadores.<\/p>\n<p style=\"text-align: center;\"><strong><img decoding=\"async\" class=\"emoji aligncenter\" role=\"img\" draggable=\"false\" src=\"https:\/\/s.w.org\/images\/core\/emoji\/16.0.1\/svg\/1f4e1.svg\" alt=\"\ud83d\udce1\" \/>\u00a0Connecta Oeste \u2014 conectando voc\u00ea \u00e0 informa\u00e7\u00e3o de qualidade!<\/strong><\/p>\n<p>&nbsp;<\/p>\n<p>&nbsp;<\/p>\n","protected":false},"excerpt":{"rendered":"<p>No \u00faltimo s\u00e1bado, 09 de agosto, a comunidade de Pedra Branca, no munic\u00edpio de Correntina\/BA, sediou a primeira edi\u00e7\u00e3o do Festival Sertanejo \u201cVozes da Terra\u201d. O evento contou com apresenta\u00e7\u00f5es de calouros da regi\u00e3o, que interpretaram m\u00fasicas do g\u00eanero sertanejo diante de uma comiss\u00e3o de jurados. &nbsp; Durante a competi\u00e7\u00e3o, os participantes foram avaliados por [&hellip;]<\/p>\n","protected":false},"author":1,"featured_media":1901,"comment_status":"open","ping_status":"open","sticky":false,"template":"","format":"standard","meta":{"footnotes":""},"categories":[7,8,45,62,63,5],"tags":[],"class_list":["post-1897","post","type-post","status-publish","format-standard","has-post-thumbnail","hentry","category-bahia","category-brasil","category-correntina","category-evento","category-festa","category-noticias"],"_links":{"self":[{"href":"https:\/\/connectaoeste.com.br\/index.php\/wp-json\/wp\/v2\/posts\/1897","targetHints":{"allow":["GET"]}}],"collection":[{"href":"https:\/\/connectaoeste.com.br\/index.php\/wp-json\/wp\/v2\/posts"}],"about":[{"href":"https:\/\/connectaoeste.com.br\/index.php\/wp-json\/wp\/v2\/types\/post"}],"author":[{"embeddable":true,"href":"https:\/\/connectaoeste.com.br\/index.php\/wp-json\/wp\/v2\/users\/1"}],"replies":[{"embeddable":true,"href":"https:\/\/connectaoeste.com.br\/index.php\/wp-json\/wp\/v2\/comments?post=1897"}],"version-history":[{"count":5,"href":"https:\/\/connectaoeste.com.br\/index.php\/wp-json\/wp\/v2\/posts\/1897\/revisions"}],"predecessor-version":[{"id":1904,"href":"https:\/\/connectaoeste.com.br\/index.php\/wp-json\/wp\/v2\/posts\/1897\/revisions\/1904"}],"wp:featuredmedia":[{"embeddable":true,"href":"https:\/\/connectaoeste.com.br\/index.php\/wp-json\/wp\/v2\/media\/1901"}],"wp:attachment":[{"href":"https:\/\/connectaoeste.com.br\/index.php\/wp-json\/wp\/v2\/media?parent=1897"}],"wp:term":[{"taxonomy":"category","embeddable":true,"href":"https:\/\/connectaoeste.com.br\/index.php\/wp-json\/wp\/v2\/categories?post=1897"},{"taxonomy":"post_tag","embeddable":true,"href":"https:\/\/connectaoeste.com.br\/index.php\/wp-json\/wp\/v2\/tags?post=1897"}],"curies":[{"name":"wp","href":"https:\/\/api.w.org\/{rel}","templated":true}]}}