{"id":1965,"date":"2025-08-27T08:10:53","date_gmt":"2025-08-27T11:10:53","guid":{"rendered":"https:\/\/connectaoeste.com.br\/?p=1965"},"modified":"2025-08-27T08:10:53","modified_gmt":"2025-08-27T11:10:53","slug":"confusao-marca-final-do-brasileirao-sub-20-apos-titulo-do-palmeiras-no-allianz-parque","status":"publish","type":"post","link":"https:\/\/connectaoeste.com.br\/index.php\/2025\/08\/27\/confusao-marca-final-do-brasileirao-sub-20-apos-titulo-do-palmeiras-no-allianz-parque\/","title":{"rendered":"Confus\u00e3o marca final do Brasileir\u00e3o Sub-20 ap\u00f3s t\u00edtulo do Palmeiras no Allianz Parque."},"content":{"rendered":"<p><!--StartFragment --><\/p>\n<p>A noite de ter\u00e7a-feira (26) no Allianz Parque, em S\u00e3o Paulo, foi marcada por emo\u00e7\u00e3o, tens\u00e3o e um desfecho conturbado na grande final do Campeonato Brasileiro Sub-20. O Palmeiras conquistou seu quarto t\u00edtulo da competi\u00e7\u00e3o ao vencer o Red Bull Bragantino nos p\u00eanaltis, mas a celebra\u00e7\u00e3o foi ofuscada por uma confus\u00e3o generalizada entre jogadores e membros das comiss\u00f5es t\u00e9cnicas logo ap\u00f3s o apito final.<\/p>\n<h3>\u26bd Jogo equilibrado e decis\u00e3o nos p\u00eanaltis<\/h3>\n<p>Ap\u00f3s empate por 0 a 0 no tempo regulamentar, o Verd\u00e3o levou a melhor nas penalidades, vencendo por 4 a 3. A partida foi marcada por chances desperdi\u00e7adas, incluindo um p\u00eanalti perdido por Thalys, do Palmeiras, ainda no segundo tempo. Com mais de 21 mil torcedores presentes, o clima era de festa para os alviverdes, que celebravam tamb\u00e9m os 111 anos do clube.<\/p>\n<h3>\ud83d\udd25 Clima quente ap\u00f3s o t\u00edtulo<\/h3>\n<p>A tens\u00e3o acumulada durante os dois jogos da final \u2014 ambos recheados de provoca\u00e7\u00f5es \u2014 explodiu ap\u00f3s a \u00faltima cobran\u00e7a de p\u00eanalti. Imagens da transmiss\u00e3o mostraram empurr\u00f5es, discuss\u00f5es acaloradas e amea\u00e7as de briga entre atletas e membros das comiss\u00f5es t\u00e9cnicas das duas equipes. A confus\u00e3o foi contida por outros profissionais presentes, sem necessidade de interven\u00e7\u00e3o policial.<\/p>\n<div style=\"width: 640px;\" class=\"wp-video\"><!--[if lt IE 9]><script>document.createElement('video');<\/script><![endif]-->\n<video class=\"wp-video-shortcode\" id=\"video-1965-1\" width=\"640\" height=\"360\" preload=\"metadata\" controls=\"controls\"><source type=\"video\/mp4\" src=\"http:\/\/connectaoeste.com.br\/wp-content\/uploads\/2025\/08\/ssstwitter.com_1756292886269.mp4?_=1\" \/><a href=\"http:\/\/connectaoeste.com.br\/wp-content\/uploads\/2025\/08\/ssstwitter.com_1756292886269.mp4\">http:\/\/connectaoeste.com.br\/wp-content\/uploads\/2025\/08\/ssstwitter.com_1756292886269.mp4<\/a><\/video><\/div>\n<div style=\"width: 640px;\" class=\"wp-video\"><video class=\"wp-video-shortcode\" id=\"video-1965-2\" width=\"640\" height=\"360\" preload=\"metadata\" controls=\"controls\"><source type=\"video\/mp4\" src=\"http:\/\/connectaoeste.com.br\/wp-content\/uploads\/2025\/08\/ssstwitter.com_1756292890361.mp4?_=2\" \/><a href=\"http:\/\/connectaoeste.com.br\/wp-content\/uploads\/2025\/08\/ssstwitter.com_1756292890361.mp4\">http:\/\/connectaoeste.com.br\/wp-content\/uploads\/2025\/08\/ssstwitter.com_1756292890361.mp4<\/a><\/video><\/div>\n<p>&nbsp;<\/p>\n<h3>\ud83c\udfc6 Hegemonia palmeirense<\/h3>\n<p>Com o resultado, o Palmeiras se consagra tetracampe\u00e3o do Brasileir\u00e3o Sub-20, tendo vencido tamb\u00e9m em 2018, 2022 e 2024. A conquista refor\u00e7a a for\u00e7a das categorias de base do clube, que contou com jovens promessas como Luighi, Benedetti e Thalys \u2014 todos j\u00e1 observados pela equipe principal comandada por Abel Ferreira.<\/p>\n<hr \/>\n<p>A final do Brasileir\u00e3o Sub-20 teve todos os ingredientes de um cl\u00e1ssico decisivo: talento, drama, e infelizmente, um pouco de tumulto. Para os torcedores palmeirenses, fica a celebra\u00e7\u00e3o de mais um t\u00edtulo; para o futebol brasileiro, o alerta sobre a import\u00e2ncia do fair play, mesmo nas categorias de base.<\/p>\n<p style=\"text-align: center;\"><strong><img decoding=\"async\" class=\"emoji aligncenter\" role=\"img\" draggable=\"false\" src=\"https:\/\/s.w.org\/images\/core\/emoji\/16.0.1\/svg\/1f4e1.svg\" alt=\"\ud83d\udce1\" \/>\u00a0Connecta Oeste \u2014 conectando voc\u00ea \u00e0 informa\u00e7\u00e3o de qualidade!<\/strong><\/p>\n<p><!--EndFragment --><\/p>\n","protected":false},"excerpt":{"rendered":"<p>A noite de ter\u00e7a-feira (26) no Allianz Parque, em S\u00e3o Paulo, foi marcada por emo\u00e7\u00e3o, tens\u00e3o e um desfecho conturbado na grande final do Campeonato Brasileiro Sub-20. O Palmeiras conquistou seu quarto t\u00edtulo da competi\u00e7\u00e3o ao vencer o Red Bull Bragantino nos p\u00eanaltis, mas a celebra\u00e7\u00e3o foi ofuscada por uma confus\u00e3o generalizada entre jogadores e [&hellip;]<\/p>\n","protected":false},"author":1,"featured_media":1966,"comment_status":"open","ping_status":"open","sticky":false,"template":"","format":"standard","meta":{"footnotes":""},"categories":[8,6,9,5],"tags":[],"class_list":["post-1965","post","type-post","status-publish","format-standard","has-post-thumbnail","hentry","category-brasil","category-esportes","category-mundo","category-noticias"],"_links":{"self":[{"href":"https:\/\/connectaoeste.com.br\/index.php\/wp-json\/wp\/v2\/posts\/1965","targetHints":{"allow":["GET"]}}],"collection":[{"href":"https:\/\/connectaoeste.com.br\/index.php\/wp-json\/wp\/v2\/posts"}],"about":[{"href":"https:\/\/connectaoeste.com.br\/index.php\/wp-json\/wp\/v2\/types\/post"}],"author":[{"embeddable":true,"href":"https:\/\/connectaoeste.com.br\/index.php\/wp-json\/wp\/v2\/users\/1"}],"replies":[{"embeddable":true,"href":"https:\/\/connectaoeste.com.br\/index.php\/wp-json\/wp\/v2\/comments?post=1965"}],"version-history":[{"count":3,"href":"https:\/\/connectaoeste.com.br\/index.php\/wp-json\/wp\/v2\/posts\/1965\/revisions"}],"predecessor-version":[{"id":1971,"href":"https:\/\/connectaoeste.com.br\/index.php\/wp-json\/wp\/v2\/posts\/1965\/revisions\/1971"}],"wp:featuredmedia":[{"embeddable":true,"href":"https:\/\/connectaoeste.com.br\/index.php\/wp-json\/wp\/v2\/media\/1966"}],"wp:attachment":[{"href":"https:\/\/connectaoeste.com.br\/index.php\/wp-json\/wp\/v2\/media?parent=1965"}],"wp:term":[{"taxonomy":"category","embeddable":true,"href":"https:\/\/connectaoeste.com.br\/index.php\/wp-json\/wp\/v2\/categories?post=1965"},{"taxonomy":"post_tag","embeddable":true,"href":"https:\/\/connectaoeste.com.br\/index.php\/wp-json\/wp\/v2\/tags?post=1965"}],"curies":[{"name":"wp","href":"https:\/\/api.w.org\/{rel}","templated":true}]}}