{"id":198,"date":"2023-11-28T13:58:14","date_gmt":"2023-11-28T16:58:14","guid":{"rendered":"https:\/\/connectaoeste.com.br\/?p=198"},"modified":"2023-11-29T19:52:08","modified_gmt":"2023-11-29T22:52:08","slug":"feminicidio-em-correntina-bahia","status":"publish","type":"post","link":"https:\/\/connectaoeste.com.br\/index.php\/2023\/11\/28\/feminicidio-em-correntina-bahia\/","title":{"rendered":"FEMINIC\u00cdDIO EM CORRENTINA BAHIA"},"content":{"rendered":"\n<p><\/p>\n\n\n\n<p>Na noite dessa segunda-feira,27 na Cidade de Correntina Oeste da Bahia, por volta da meia noite a v\u00edtima Alvina Souza Neves de 37 anos, foi brutalmente assassinada pelo ex-companheiro Paulo S\u00e9rgio Soares dos Santos, conhecido como Cabe\u00e7a natural de Lages\/BA. <\/p>\n\n\n\n<figure class=\"wp-block-image size-large\"><img loading=\"lazy\" decoding=\"async\" width=\"763\" height=\"1024\" src=\"http:\/\/connectaoeste.com.br\/wp-content\/uploads\/2023\/11\/8ba04606-8467-4953-9b45-36a77a4880f6-763x1024.jpeg\" alt=\"\" class=\"wp-image-210\" srcset=\"https:\/\/connectaoeste.com.br\/wp-content\/uploads\/2023\/11\/8ba04606-8467-4953-9b45-36a77a4880f6-763x1024.jpeg 763w, https:\/\/connectaoeste.com.br\/wp-content\/uploads\/2023\/11\/8ba04606-8467-4953-9b45-36a77a4880f6-223x300.jpeg 223w, https:\/\/connectaoeste.com.br\/wp-content\/uploads\/2023\/11\/8ba04606-8467-4953-9b45-36a77a4880f6-768x1031.jpeg 768w, https:\/\/connectaoeste.com.br\/wp-content\/uploads\/2023\/11\/8ba04606-8467-4953-9b45-36a77a4880f6-200x269.jpeg 200w, https:\/\/connectaoeste.com.br\/wp-content\/uploads\/2023\/11\/8ba04606-8467-4953-9b45-36a77a4880f6-1024x1375.jpeg 1024w, https:\/\/connectaoeste.com.br\/wp-content\/uploads\/2023\/11\/8ba04606-8467-4953-9b45-36a77a4880f6.jpeg 1080w\" sizes=\"auto, (max-width: 763px) 100vw, 763px\" \/><\/figure>\n\n\n\n<p>(IMAGENS: Rede Social) <\/p>\n\n\n\n<p>Segundo informa\u00e7\u00f5es recebidas pelo Connecta Oeste, eles tinha um relacionamento conturbado e ele n\u00e3o aceitava o fim do relacionamento. O criminoso teria disparado contra a vitima na sua pr\u00f3pria casa onde ela residia e estava no momento com seus filhos que presenciou o crime brutal. O corpo foi para o IML- Instituto M\u00e9dico Legal e a pol\u00edcia civil est\u00e1 na investiga\u00e7\u00e3o do caso.<\/p>\n\n\n\n<p>(Obs: Publica\u00e7\u00e3o editada para corre\u00e7\u00f5es) <\/p>\n\n\n\n<figure class=\"wp-block-image size-large\"><img loading=\"lazy\" decoding=\"async\" width=\"1024\" height=\"109\" src=\"http:\/\/connectaoeste.com.br\/wp-content\/uploads\/2023\/11\/cropped-cropped-SITE-ID-001-10-1024x109.png\" alt=\"\" class=\"wp-image-109\" srcset=\"https:\/\/connectaoeste.com.br\/wp-content\/uploads\/2023\/11\/cropped-cropped-SITE-ID-001-10-1024x109.png 1024w, https:\/\/connectaoeste.com.br\/wp-content\/uploads\/2023\/11\/cropped-cropped-SITE-ID-001-10-300x32.png 300w, https:\/\/connectaoeste.com.br\/wp-content\/uploads\/2023\/11\/cropped-cropped-SITE-ID-001-10-768x82.png 768w, https:\/\/connectaoeste.com.br\/wp-content\/uploads\/2023\/11\/cropped-cropped-SITE-ID-001-10-1536x164.png 1536w, https:\/\/connectaoeste.com.br\/wp-content\/uploads\/2023\/11\/cropped-cropped-SITE-ID-001-10-2048x218.png 2048w\" sizes=\"auto, (max-width: 1024px) 100vw, 1024px\" \/><\/figure>\n","protected":false},"excerpt":{"rendered":"<p>Na noite dessa segunda-feira,27 na Cidade de Correntina Oeste da Bahia, por volta da meia noite a v\u00edtima Alvina Souza Neves de 37 anos, foi brutalmente assassinada pelo ex-companheiro Paulo S\u00e9rgio Soares dos Santos, conhecido como Cabe\u00e7a natural de Lages\/BA. (IMAGENS: Rede Social) Segundo informa\u00e7\u00f5es recebidas pelo Connecta Oeste, eles tinha um relacionamento conturbado e [&hellip;]<\/p>\n","protected":false},"author":1,"featured_media":209,"comment_status":"open","ping_status":"open","sticky":false,"template":"","format":"standard","meta":{"footnotes":""},"categories":[7,5],"tags":[15,14],"class_list":["post-198","post","type-post","status-publish","format-standard","has-post-thumbnail","hentry","category-bahia","category-noticias","tag-bahia","tag-noticias"],"_links":{"self":[{"href":"https:\/\/connectaoeste.com.br\/index.php\/wp-json\/wp\/v2\/posts\/198","targetHints":{"allow":["GET"]}}],"collection":[{"href":"https:\/\/connectaoeste.com.br\/index.php\/wp-json\/wp\/v2\/posts"}],"about":[{"href":"https:\/\/connectaoeste.com.br\/index.php\/wp-json\/wp\/v2\/types\/post"}],"author":[{"embeddable":true,"href":"https:\/\/connectaoeste.com.br\/index.php\/wp-json\/wp\/v2\/users\/1"}],"replies":[{"embeddable":true,"href":"https:\/\/connectaoeste.com.br\/index.php\/wp-json\/wp\/v2\/comments?post=198"}],"version-history":[{"count":3,"href":"https:\/\/connectaoeste.com.br\/index.php\/wp-json\/wp\/v2\/posts\/198\/revisions"}],"predecessor-version":[{"id":213,"href":"https:\/\/connectaoeste.com.br\/index.php\/wp-json\/wp\/v2\/posts\/198\/revisions\/213"}],"wp:featuredmedia":[{"embeddable":true,"href":"https:\/\/connectaoeste.com.br\/index.php\/wp-json\/wp\/v2\/media\/209"}],"wp:attachment":[{"href":"https:\/\/connectaoeste.com.br\/index.php\/wp-json\/wp\/v2\/media?parent=198"}],"wp:term":[{"taxonomy":"category","embeddable":true,"href":"https:\/\/connectaoeste.com.br\/index.php\/wp-json\/wp\/v2\/categories?post=198"},{"taxonomy":"post_tag","embeddable":true,"href":"https:\/\/connectaoeste.com.br\/index.php\/wp-json\/wp\/v2\/tags?post=198"}],"curies":[{"name":"wp","href":"https:\/\/api.w.org\/{rel}","templated":true}]}}