{"id":1997,"date":"2025-09-01T15:23:07","date_gmt":"2025-09-01T18:23:07","guid":{"rendered":"https:\/\/connectaoeste.com.br\/?p=1997"},"modified":"2025-09-01T15:23:07","modified_gmt":"2025-09-01T18:23:07","slug":"afeganistao-em-crise-reducao-da-ajuda-internacional-agrava-impacto-de-terremoto-devastador","status":"publish","type":"post","link":"https:\/\/connectaoeste.com.br\/index.php\/2025\/09\/01\/afeganistao-em-crise-reducao-da-ajuda-internacional-agrava-impacto-de-terremoto-devastador\/","title":{"rendered":"Afeganist\u00e3o em Crise: Redu\u00e7\u00e3o da Ajuda Internacional Agrava Impacto de Terremoto Devastador."},"content":{"rendered":"<p><!--StartFragment --><\/p>\n<p>O Afeganist\u00e3o enfrenta mais uma trag\u00e9dia humanit\u00e1ria ap\u00f3s um terremoto de magnitude 6,0 atingir a regi\u00e3o leste do pa\u00eds, deixando mais de 800 mortos e cerca de 2.800 feridos. O abalo s\u00edsmico, ocorrido em 1\u00ba de setembro, devastou vilarejos inteiros nas prov\u00edncias de Kunar e Nangarhar, pr\u00f3ximas \u00e0 fronteira com o Paquist\u00e3o, e exp\u00f4s a fragilidade da infraestrutura local e a escassez de recursos para emerg\u00eancias.<\/p>\n<p>\ud83c\udfda\ufe0f <strong>Impacto do Terremoto<\/strong><\/p>\n<p>O tremor ocorreu a uma profundidade de apenas 8 a 10 km, o que intensificou sua capacidade destrutiva. Casas de barro e pedra foram completamente arrasadas, e equipes de resgate enfrentam dificuldades para acessar \u00e1reas montanhosas e remotas. Moradores relatam que crian\u00e7as e idosos permanecem presos sob os escombros, clamando por ajuda urgente.<\/p>\n<p>\ud83d\udeab <strong>Redu\u00e7\u00e3o da Ajuda Internacional<\/strong><\/p>\n<p>Desde que o Talib\u00e3 retomou o poder em agosto de 2021, o Afeganist\u00e3o tem sofrido uma queda dr\u00e1stica na ajuda internacional. San\u00e7\u00f5es impostas por pa\u00edses ocidentais e o n\u00e3o reconhecimento do governo talib\u00e3 resultaram na suspens\u00e3o de grande parte dos recursos humanit\u00e1rios. A verba destinada a desastres naturais caiu de US$ 3,8 bilh\u00f5es em 2022 para apenas US$ 767 milh\u00f5es em 2025.<\/p>\n<p><a href=\"https:\/\/conectalem.carrd.co\/\"><img loading=\"lazy\" decoding=\"async\" class=\"alignnone  wp-image-1983\" src=\"http:\/\/connectaoeste.com.br\/wp-content\/uploads\/2025\/08\/cropped-cropped-BAIXE-O-CONECTA-LEM-BLOG-1140X200px-300x53.jpg\" alt=\"\" width=\"894\" height=\"158\" srcset=\"https:\/\/connectaoeste.com.br\/wp-content\/uploads\/2025\/08\/cropped-cropped-BAIXE-O-CONECTA-LEM-BLOG-1140X200px-300x53.jpg 300w, https:\/\/connectaoeste.com.br\/wp-content\/uploads\/2025\/08\/cropped-cropped-BAIXE-O-CONECTA-LEM-BLOG-1140X200px-1024x180.jpg 1024w, https:\/\/connectaoeste.com.br\/wp-content\/uploads\/2025\/08\/cropped-cropped-BAIXE-O-CONECTA-LEM-BLOG-1140X200px-768x135.jpg 768w, https:\/\/connectaoeste.com.br\/wp-content\/uploads\/2025\/08\/cropped-cropped-BAIXE-O-CONECTA-LEM-BLOG-1140X200px-200x35.jpg 200w, https:\/\/connectaoeste.com.br\/wp-content\/uploads\/2025\/08\/cropped-cropped-BAIXE-O-CONECTA-LEM-BLOG-1140X200px.jpg 1140w\" sizes=\"auto, (max-width: 894px) 100vw, 894px\" \/><\/a><\/p>\n<p>Essa redu\u00e7\u00e3o compromete diretamente a capacidade de resposta do pa\u00eds a emerg\u00eancias como terremotos, secas e crises alimentares. Segundo a ONU, mais da metade dos 42 milh\u00f5es de habitantes do Afeganist\u00e3o precisa de ajuda humanit\u00e1ria, mas menos de 30% das necessidades est\u00e3o sendo atendidas.<\/p>\n<p>\ud83d\udce3 <strong>Apelo por Socorro<\/strong><\/p>\n<p>O porta-voz do Minist\u00e9rio da Sa\u00fade afeg\u00e3o, Sharafat Zaman, fez um apelo internacional: \u201cPrecisamos de ajuda porque muitas pessoas perderam a vida e suas casas. O n\u00famero de mortos e feridos \u00e9 alto, mas como a \u00e1rea \u00e9 de dif\u00edcil acesso, nossas equipes ainda est\u00e3o no local\u201d.<\/p>\n<p>Apesar do pedido, o governo talib\u00e3 reconhece que poucos pa\u00edses se comprometeram com o envio de apoio. Ir\u00e3, \u00cdndia, Jap\u00e3o e a Uni\u00e3o Europeia sinalizaram ajuda, enquanto a ONU mobilizou equipes para atuar nas \u00e1reas afetadas.<\/p>\n<p>\ud83d\udcc9 <strong>Crise Humanit\u00e1ria Persistente<\/strong><\/p>\n<p>O terremoto \u00e9 mais um cap\u00edtulo na crise humanit\u00e1ria que assola o Afeganist\u00e3o. Al\u00e9m dos desastres naturais, o pa\u00eds enfrenta fome, seca, viola\u00e7\u00f5es de direitos humanos e colapso econ\u00f4mico. A aus\u00eancia de apoio internacional e o isolamento diplom\u00e1tico agravam ainda mais a situa\u00e7\u00e3o da popula\u00e7\u00e3o vulner\u00e1vel.<\/p>\n<p style=\"text-align: center;\"><strong><img decoding=\"async\" class=\"emoji aligncenter\" role=\"img\" draggable=\"false\" src=\"https:\/\/s.w.org\/images\/core\/emoji\/16.0.1\/svg\/1f4e1.svg\" alt=\"\ud83d\udce1\" \/>\u00a0Connecta Oeste \u2014 conectando voc\u00ea \u00e0 informa\u00e7\u00e3o de qualidade!<\/strong><\/p>\n<p><!--EndFragment --><\/p>\n","protected":false},"excerpt":{"rendered":"<p>O Afeganist\u00e3o enfrenta mais uma trag\u00e9dia humanit\u00e1ria ap\u00f3s um terremoto de magnitude 6,0 atingir a regi\u00e3o leste do pa\u00eds, deixando mais de 800 mortos e cerca de 2.800 feridos. O abalo s\u00edsmico, ocorrido em 1\u00ba de setembro, devastou vilarejos inteiros nas prov\u00edncias de Kunar e Nangarhar, pr\u00f3ximas \u00e0 fronteira com o Paquist\u00e3o, e exp\u00f4s a [&hellip;]<\/p>\n","protected":false},"author":1,"featured_media":1998,"comment_status":"open","ping_status":"open","sticky":false,"template":"","format":"standard","meta":{"footnotes":""},"categories":[9,5],"tags":[],"class_list":["post-1997","post","type-post","status-publish","format-standard","has-post-thumbnail","hentry","category-mundo","category-noticias"],"_links":{"self":[{"href":"https:\/\/connectaoeste.com.br\/index.php\/wp-json\/wp\/v2\/posts\/1997","targetHints":{"allow":["GET"]}}],"collection":[{"href":"https:\/\/connectaoeste.com.br\/index.php\/wp-json\/wp\/v2\/posts"}],"about":[{"href":"https:\/\/connectaoeste.com.br\/index.php\/wp-json\/wp\/v2\/types\/post"}],"author":[{"embeddable":true,"href":"https:\/\/connectaoeste.com.br\/index.php\/wp-json\/wp\/v2\/users\/1"}],"replies":[{"embeddable":true,"href":"https:\/\/connectaoeste.com.br\/index.php\/wp-json\/wp\/v2\/comments?post=1997"}],"version-history":[{"count":2,"href":"https:\/\/connectaoeste.com.br\/index.php\/wp-json\/wp\/v2\/posts\/1997\/revisions"}],"predecessor-version":[{"id":2000,"href":"https:\/\/connectaoeste.com.br\/index.php\/wp-json\/wp\/v2\/posts\/1997\/revisions\/2000"}],"wp:featuredmedia":[{"embeddable":true,"href":"https:\/\/connectaoeste.com.br\/index.php\/wp-json\/wp\/v2\/media\/1998"}],"wp:attachment":[{"href":"https:\/\/connectaoeste.com.br\/index.php\/wp-json\/wp\/v2\/media?parent=1997"}],"wp:term":[{"taxonomy":"category","embeddable":true,"href":"https:\/\/connectaoeste.com.br\/index.php\/wp-json\/wp\/v2\/categories?post=1997"},{"taxonomy":"post_tag","embeddable":true,"href":"https:\/\/connectaoeste.com.br\/index.php\/wp-json\/wp\/v2\/tags?post=1997"}],"curies":[{"name":"wp","href":"https:\/\/api.w.org\/{rel}","templated":true}]}}