{"id":2011,"date":"2025-09-03T17:44:05","date_gmt":"2025-09-03T20:44:05","guid":{"rendered":"https:\/\/connectaoeste.com.br\/?p=2011"},"modified":"2025-10-02T11:56:48","modified_gmt":"2025-10-02T14:56:48","slug":"setembro-amarelo-2025-se-precisar-peca-ajuda-um-chamado-a-empatia-e-a-prevencao","status":"publish","type":"post","link":"https:\/\/connectaoeste.com.br\/index.php\/2025\/09\/03\/setembro-amarelo-2025-se-precisar-peca-ajuda-um-chamado-a-empatia-e-a-prevencao\/","title":{"rendered":"Setembro Amarelo 2025: \u201cSe precisar, pe\u00e7a ajuda!\u201d \u2014 Um chamado \u00e0 empatia e \u00e0 preven\u00e7\u00e3o."},"content":{"rendered":"<p><!--StartFragment --><\/p>\n<p><!--StartFragment --><\/p>\n<p>Durante todo o m\u00eas de setembro, o Brasil se veste de amarelo para lembrar que <strong>falar sobre sa\u00fade mental \u00e9 um ato de coragem<\/strong>. A campanha <strong>Setembro Amarelo<\/strong>, promovida pela Associa\u00e7\u00e3o Brasileira de Psiquiatria (ABP) em parceria com o Conselho Federal de Medicina (CFM), chega em 2025 com o lema: <strong>\u201cSe precisar, pe\u00e7a ajuda!\u201d<\/strong>.<\/p>\n<p>O objetivo \u00e9 claro: <strong>quebrar o tabu sobre o suic\u00eddio<\/strong>, incentivar o di\u00e1logo e oferecer apoio a quem enfrenta sofrimento emocional. Segundo a Organiza\u00e7\u00e3o Mundial da Sa\u00fade, mais de <strong>700 mil pessoas morrem por suic\u00eddio todos os anos<\/strong>, e no Brasil s\u00e3o cerca de <strong>14 mil mortes anuais<\/strong> \u2014 uma m\u00e9dia de <strong>38 pessoas por dia<\/strong>.<\/p>\n<h3>\ud83d\udea8 Sinais de alerta que merecem aten\u00e7\u00e3o<\/h3>\n<p>A campanha refor\u00e7a que <strong>a maioria dos casos de suic\u00eddio est\u00e1 ligada a transtornos mentais trat\u00e1veis<\/strong>, como depress\u00e3o, ansiedade e bipolaridade. Estar atento aos sinais pode salvar vidas:<\/p>\n<ul>\n<li>Frases como \u201cquero desaparecer\u201d ou \u201cpreferia estar morto\u201d<\/li>\n<li>Isolamento social e perda de interesse por atividades antes prazerosas<\/li>\n<li>Altera\u00e7\u00f5es no sono, apetite ou apar\u00eancia<\/li>\n<li>Descuido com a higiene pessoal e rotina<\/li>\n<li>Aumento no consumo de \u00e1lcool ou outras subst\u00e2ncias<\/li>\n<\/ul>\n<h3>\ud83e\udde0 Sa\u00fade mental \u00e9 responsabilidade coletiva<\/h3>\n<p>Em 2024, o Brasil registrou <strong>472 mil afastamentos do trabalho por transtornos mentais<\/strong>, sendo <strong>64% de mulheres<\/strong>, com idade m\u00e9dia de 41 anos. Esses dados escancaram a urg\u00eancia de pol\u00edticas p\u00fablicas, redes de apoio e espa\u00e7os seguros para escuta e acolhimento.<\/p>\n<h3>\ud83d\udcde Onde buscar ajuda<\/h3>\n<p>O <strong>CVV \u2013 Centro de Valoriza\u00e7\u00e3o da Vida<\/strong> oferece apoio emocional gratuito e sigiloso pelo telefone <strong>188<\/strong>, dispon\u00edvel 24 horas por dia. Tamb\u00e9m \u00e9 poss\u00edvel conversar por chat ou e-mail atrav\u00e9s do <a href=\"https:\/\/setembroamarelo.org.br\/\">site oficial do CVV<\/a>.<\/p>\n<p style=\"text-align: center;\"><strong><img decoding=\"async\" class=\"emoji aligncenter\" role=\"img\" draggable=\"false\" src=\"https:\/\/s.w.org\/images\/core\/emoji\/16.0.1\/svg\/1f4e1.svg\" alt=\"\ud83d\udce1\" \/>\u00a0Connecta Oeste \u2014 conectando voc\u00ea \u00e0 informa\u00e7\u00e3o de qualidade!<\/strong><\/p>\n<p><!--EndFragment --><\/p>\n","protected":false},"excerpt":{"rendered":"<p>Durante todo o m\u00eas de setembro, o Brasil se veste de amarelo para lembrar que falar sobre sa\u00fade mental \u00e9 um ato de coragem. A campanha Setembro Amarelo, promovida pela Associa\u00e7\u00e3o Brasileira de Psiquiatria (ABP) em parceria com o Conselho Federal de Medicina (CFM), chega em 2025 com o lema: \u201cSe precisar, pe\u00e7a ajuda!\u201d. O [&hellip;]<\/p>\n","protected":false},"author":1,"featured_media":2012,"comment_status":"open","ping_status":"open","sticky":false,"template":"","format":"standard","meta":{"footnotes":""},"categories":[7,8,9,5,64],"tags":[],"class_list":["post-2011","post","type-post","status-publish","format-standard","has-post-thumbnail","hentry","category-bahia","category-brasil","category-mundo","category-noticias","category-saude"],"_links":{"self":[{"href":"https:\/\/connectaoeste.com.br\/index.php\/wp-json\/wp\/v2\/posts\/2011","targetHints":{"allow":["GET"]}}],"collection":[{"href":"https:\/\/connectaoeste.com.br\/index.php\/wp-json\/wp\/v2\/posts"}],"about":[{"href":"https:\/\/connectaoeste.com.br\/index.php\/wp-json\/wp\/v2\/types\/post"}],"author":[{"embeddable":true,"href":"https:\/\/connectaoeste.com.br\/index.php\/wp-json\/wp\/v2\/users\/1"}],"replies":[{"embeddable":true,"href":"https:\/\/connectaoeste.com.br\/index.php\/wp-json\/wp\/v2\/comments?post=2011"}],"version-history":[{"count":1,"href":"https:\/\/connectaoeste.com.br\/index.php\/wp-json\/wp\/v2\/posts\/2011\/revisions"}],"predecessor-version":[{"id":2013,"href":"https:\/\/connectaoeste.com.br\/index.php\/wp-json\/wp\/v2\/posts\/2011\/revisions\/2013"}],"wp:featuredmedia":[{"embeddable":true,"href":"https:\/\/connectaoeste.com.br\/index.php\/wp-json\/wp\/v2\/media\/2012"}],"wp:attachment":[{"href":"https:\/\/connectaoeste.com.br\/index.php\/wp-json\/wp\/v2\/media?parent=2011"}],"wp:term":[{"taxonomy":"category","embeddable":true,"href":"https:\/\/connectaoeste.com.br\/index.php\/wp-json\/wp\/v2\/categories?post=2011"},{"taxonomy":"post_tag","embeddable":true,"href":"https:\/\/connectaoeste.com.br\/index.php\/wp-json\/wp\/v2\/tags?post=2011"}],"curies":[{"name":"wp","href":"https:\/\/api.w.org\/{rel}","templated":true}]}}