{"id":2025,"date":"2025-09-08T20:41:50","date_gmt":"2025-09-08T23:41:50","guid":{"rendered":"https:\/\/connectaoeste.com.br\/?p=2025"},"modified":"2025-10-02T11:56:34","modified_gmt":"2025-10-02T14:56:34","slug":"tenente-coronel-da-pm-e-preso-por-suspeita-de-encobrir-milicia-em-operacao-no-oeste-da-bahia","status":"publish","type":"post","link":"https:\/\/connectaoeste.com.br\/index.php\/2025\/09\/08\/tenente-coronel-da-pm-e-preso-por-suspeita-de-encobrir-milicia-em-operacao-no-oeste-da-bahia\/","title":{"rendered":"Tenente-coronel da PM \u00e9 preso por suspeita de encobrir mil\u00edcia em opera\u00e7\u00e3o no oeste da Bahia."},"content":{"rendered":"<p><!--StartFragment --><\/p>\n<p><strong>Santa Maria da Vit\u00f3ria, BA \u2014<\/strong> Um tenente-coronel da Pol\u00edcia Militar da Bahia foi preso nesta segunda-feira (8) durante a segunda fase da <em>Opera\u00e7\u00e3o Terra Justa<\/em>, que investiga a atua\u00e7\u00e3o de uma mil\u00edcia rural na regi\u00e3o oeste do estado. A a\u00e7\u00e3o, conduzida pelo Minist\u00e9rio P\u00fablico da Bahia (MP-BA), Secretaria de Seguran\u00e7a P\u00fablica e Corregedoria da PM, teve como alvo principal o oficial, suspeito de acobertar crimes cometidos por um grupo miliciano que h\u00e1 mais de uma d\u00e9cada atua em Correntina e munic\u00edpios vizinhos.<\/p>\n<p>O oficial, identificado como <strong>Lu\u00eds Augusto Normanha de Carvalho<\/strong>, diretor do Col\u00e9gio da Pol\u00edcia Militar de Bom Jesus da Lapa, foi preso em flagrante por posse ilegal de arma de fogo. Segundo as investiga\u00e7\u00f5es, ele teria recebido pagamentos mensais de R$ 15 mil entre 2021 e 2024 do l\u00edder da mil\u00edcia, um sargento da reserva da PM, para facilitar as a\u00e7\u00f5es criminosas do grupo.<\/p>\n<p>A mil\u00edcia \u00e9 acusada de expulsar violentamente comunidades tradicionais de suas terras em benef\u00edcio de fazendeiros locais. Al\u00e9m da pris\u00e3o do tenente-coronel, foram cumpridos mandados de busca e apreens\u00e3o em Correntina, Santa Maria da Vit\u00f3ria e Salvador. Armas, muni\u00e7\u00f5es, documentos e aparelhos eletr\u00f4nicos foram recolhidos para per\u00edcia.<\/p>\n<p>O tenente-coronel \u00e9 investigado por <strong>corrup\u00e7\u00e3o passiva, lavagem de dinheiro e associa\u00e7\u00e3o criminosa<\/strong>. As autoridades continuam apurando o caso e n\u00e3o descartam novas pris\u00f5es. Estima-se que o grupo tenha movimentado cerca de R$ 30 milh\u00f5es em uma d\u00e9cada, com dep\u00f3sitos majoritariamente oriundos de empresas do setor agropecu\u00e1rio.<\/p>\n<p>A <em>Opera\u00e7\u00e3o Terra Justa<\/em> representa um esfor\u00e7o conjunto para desmantelar redes criminosas que amea\u00e7am comunidades vulner\u00e1veis e comprometem a seguran\u00e7a p\u00fablica na regi\u00e3o.<\/p>\n<p style=\"text-align: center;\"><strong><img decoding=\"async\" class=\"emoji aligncenter\" role=\"img\" draggable=\"false\" src=\"https:\/\/s.w.org\/images\/core\/emoji\/16.0.1\/svg\/1f4e1.svg\" alt=\"\ud83d\udce1\" \/>\u00a0Connecta Oeste \u2014 conectando voc\u00ea \u00e0 informa\u00e7\u00e3o de qualidade!<\/strong><\/p>\n<p><!--EndFragment --><\/p>\n","protected":false},"excerpt":{"rendered":"<p>Santa Maria da Vit\u00f3ria, BA \u2014 Um tenente-coronel da Pol\u00edcia Militar da Bahia foi preso nesta segunda-feira (8) durante a segunda fase da Opera\u00e7\u00e3o Terra Justa, que investiga a atua\u00e7\u00e3o de uma mil\u00edcia rural na regi\u00e3o oeste do estado. A a\u00e7\u00e3o, conduzida pelo Minist\u00e9rio P\u00fablico da Bahia (MP-BA), Secretaria de Seguran\u00e7a P\u00fablica e Corregedoria da [&hellip;]<\/p>\n","protected":false},"author":1,"featured_media":2027,"comment_status":"open","ping_status":"open","sticky":false,"template":"","format":"standard","meta":{"footnotes":""},"categories":[7,8,45,88,5,47],"tags":[],"class_list":["post-2025","post","type-post","status-publish","format-standard","has-post-thumbnail","hentry","category-bahia","category-brasil","category-correntina","category-crime","category-noticias","category-samavi"],"_links":{"self":[{"href":"https:\/\/connectaoeste.com.br\/index.php\/wp-json\/wp\/v2\/posts\/2025","targetHints":{"allow":["GET"]}}],"collection":[{"href":"https:\/\/connectaoeste.com.br\/index.php\/wp-json\/wp\/v2\/posts"}],"about":[{"href":"https:\/\/connectaoeste.com.br\/index.php\/wp-json\/wp\/v2\/types\/post"}],"author":[{"embeddable":true,"href":"https:\/\/connectaoeste.com.br\/index.php\/wp-json\/wp\/v2\/users\/1"}],"replies":[{"embeddable":true,"href":"https:\/\/connectaoeste.com.br\/index.php\/wp-json\/wp\/v2\/comments?post=2025"}],"version-history":[{"count":1,"href":"https:\/\/connectaoeste.com.br\/index.php\/wp-json\/wp\/v2\/posts\/2025\/revisions"}],"predecessor-version":[{"id":2028,"href":"https:\/\/connectaoeste.com.br\/index.php\/wp-json\/wp\/v2\/posts\/2025\/revisions\/2028"}],"wp:featuredmedia":[{"embeddable":true,"href":"https:\/\/connectaoeste.com.br\/index.php\/wp-json\/wp\/v2\/media\/2027"}],"wp:attachment":[{"href":"https:\/\/connectaoeste.com.br\/index.php\/wp-json\/wp\/v2\/media?parent=2025"}],"wp:term":[{"taxonomy":"category","embeddable":true,"href":"https:\/\/connectaoeste.com.br\/index.php\/wp-json\/wp\/v2\/categories?post=2025"},{"taxonomy":"post_tag","embeddable":true,"href":"https:\/\/connectaoeste.com.br\/index.php\/wp-json\/wp\/v2\/tags?post=2025"}],"curies":[{"name":"wp","href":"https:\/\/api.w.org\/{rel}","templated":true}]}}