{"id":2108,"date":"2025-10-10T15:39:25","date_gmt":"2025-10-10T18:39:25","guid":{"rendered":"https:\/\/connectaoeste.com.br\/?p=2108"},"modified":"2025-10-10T15:39:25","modified_gmt":"2025-10-10T18:39:25","slug":"encerramento-da-23a-oilem-celebra-talentos-e-integracao-dos-estudantes-de-luis-eduardo-magalhaes","status":"publish","type":"post","link":"https:\/\/connectaoeste.com.br\/index.php\/2025\/10\/10\/encerramento-da-23a-oilem-celebra-talentos-e-integracao-dos-estudantes-de-luis-eduardo-magalhaes\/","title":{"rendered":"Encerramento da 23\u00aa OILEM celebra talentos e integra\u00e7\u00e3o dos estudantes de Lu\u00eds Eduardo Magalh\u00e3es."},"content":{"rendered":"<p>A Prefeitura de Lu\u00eds Eduardo Magalh\u00e3es, por meio da Secretaria Municipal de Educa\u00e7\u00e3o, realizou nesta quarta-feira (8), no Gin\u00e1sio Jos\u00e9 Queiroz Barreto Neto, a cerim\u00f4nia de encerramento da 23\u00aa edi\u00e7\u00e3o da OILEM \u2013 Olimp\u00edadas Intercolegiais de Lu\u00eds Eduardo Magalh\u00e3es, considerada a maior competi\u00e7\u00e3o estudantil municipal do Norte e Nordeste e uma das maiores do pa\u00eds. O evento marcou o fim de mais de dois meses de disputas e emo\u00e7\u00e3o entre os jovens atletas.<\/p>\n<p>Nesta edi\u00e7\u00e3o, a OILEM reuniu mais de 8 mil estudantes, de 45 escolas das redes municipal, estadual e particular, que competiram em 15 modalidades esportivas. A competi\u00e7\u00e3o contou ainda com o envolvimento de 140 profissionais de Educa\u00e7\u00e3o F\u00edsica e o apoio da Liga Desportiva, fortalecendo a parceria entre o poder p\u00fablico e as institui\u00e7\u00f5es de ensino.<\/p>\n<p><img loading=\"lazy\" decoding=\"async\" class=\"size-medium wp-image-2110 aligncenter\" src=\"http:\/\/connectaoeste.com.br\/wp-content\/uploads\/2025\/10\/WhatsApp-Image-2025-10-10-at-15.32.35-1-300x200.jpeg\" alt=\"\" width=\"300\" height=\"200\" srcset=\"https:\/\/connectaoeste.com.br\/wp-content\/uploads\/2025\/10\/WhatsApp-Image-2025-10-10-at-15.32.35-1-300x200.jpeg 300w, https:\/\/connectaoeste.com.br\/wp-content\/uploads\/2025\/10\/WhatsApp-Image-2025-10-10-at-15.32.35-1-1024x682.jpeg 1024w, https:\/\/connectaoeste.com.br\/wp-content\/uploads\/2025\/10\/WhatsApp-Image-2025-10-10-at-15.32.35-1-768x512.jpeg 768w, https:\/\/connectaoeste.com.br\/wp-content\/uploads\/2025\/10\/WhatsApp-Image-2025-10-10-at-15.32.35-1-1536x1023.jpeg 1536w, https:\/\/connectaoeste.com.br\/wp-content\/uploads\/2025\/10\/WhatsApp-Image-2025-10-10-at-15.32.35-1-200x133.jpeg 200w, https:\/\/connectaoeste.com.br\/wp-content\/uploads\/2025\/10\/WhatsApp-Image-2025-10-10-at-15.32.35-1.jpeg 1600w\" sizes=\"auto, (max-width: 300px) 100vw, 300px\" \/> <img loading=\"lazy\" decoding=\"async\" class=\"size-medium wp-image-2111 aligncenter\" src=\"http:\/\/connectaoeste.com.br\/wp-content\/uploads\/2025\/10\/WhatsApp-Image-2025-10-10-at-15.32.35-300x200.jpeg\" alt=\"\" width=\"300\" height=\"200\" srcset=\"https:\/\/connectaoeste.com.br\/wp-content\/uploads\/2025\/10\/WhatsApp-Image-2025-10-10-at-15.32.35-300x200.jpeg 300w, https:\/\/connectaoeste.com.br\/wp-content\/uploads\/2025\/10\/WhatsApp-Image-2025-10-10-at-15.32.35-1024x682.jpeg 1024w, https:\/\/connectaoeste.com.br\/wp-content\/uploads\/2025\/10\/WhatsApp-Image-2025-10-10-at-15.32.35-768x512.jpeg 768w, https:\/\/connectaoeste.com.br\/wp-content\/uploads\/2025\/10\/WhatsApp-Image-2025-10-10-at-15.32.35-1536x1023.jpeg 1536w, https:\/\/connectaoeste.com.br\/wp-content\/uploads\/2025\/10\/WhatsApp-Image-2025-10-10-at-15.32.35-200x133.jpeg 200w, https:\/\/connectaoeste.com.br\/wp-content\/uploads\/2025\/10\/WhatsApp-Image-2025-10-10-at-15.32.35.jpeg 1600w\" sizes=\"auto, (max-width: 300px) 100vw, 300px\" \/><\/p>\n<p>O secret\u00e1rio de Educa\u00e7\u00e3o, Jefferson Caf\u00e9, destacou o impacto positivo do evento. \u201cEncerramos uma edi\u00e7\u00e3o hist\u00f3rica da OILEM. O esporte educa, integra e transforma vidas. Seguiremos investindo em iniciativas que valorizem nossos estudantes e fortale\u00e7am o esporte escolar em Lu\u00eds Eduardo Magalh\u00e3es.\u201d<\/p>\n<p>A OILEM reafirma o compromisso da Prefeitura com o desenvolvimento humano, a inclus\u00e3o social e a valoriza\u00e7\u00e3o dos talentos locais por meio do esporte e da educa\u00e7\u00e3o, fortalecendo o esp\u00edrito de integra\u00e7\u00e3o entre escolas, fam\u00edlias e comunidade.<\/p>\n<p><strong>Durante a cerim\u00f4nia, foram premiadas as escolas campe\u00e3s gerais por categoria:<\/strong><\/p>\n<p><strong>\ud83c\udfc5 Categoria A (2008\/2009)<\/strong><br \/>\n1\u00ba \u2013 Col\u00e9gio Estadual Maria Ot\u00edlia Lutz<br \/>\n2\u00ba \u2013 Col\u00e9gio Estadual Mimoso do Oeste (CEMO)<br \/>\n3\u00ba \u2013 Col\u00e9gio Mimoso do Oeste (CMO)<\/p>\n<p><strong>\ud83c\udfc5 Categoria B (2010\/2011)<\/strong><br \/>\n1\u00ba \u2013 Escola Municipal Onero Costa da Rosa<br \/>\n2\u00ba \u2013 Col\u00e9gio Mimoso do Oeste (CMO)<br \/>\n3\u00ba \u2013 Escola Municipal Jos\u00e9 Cardoso de Lima<\/p>\n<p><strong>\ud83c\udfc5 Categoria C (2012\/2013)<\/strong><br \/>\n1\u00ba \u2013 Col\u00e9gio Mimoso do Oeste (CMO)<br \/>\n2\u00ba \u2013 Col\u00e9gio Municipal \u00c2ngelo Bosa<br \/>\n3\u00ba \u2013 Escola Municipal Irani Leite (matutino)<\/p>\n<p><strong>\ud83c\udfc5 Categoria D (2014\/2015)<\/strong><br \/>\n1\u00ba \u2013 Escola Municipal Pedro Paulo C\u00f4rte Filho<br \/>\n2\u00ba \u2013 Centro Educacional Espa\u00e7o Livre<br \/>\n3\u00ba \u2013 Escola Municipal Lucir Ficanha e Col\u00e9gio Mimoso do Oeste (empate)<\/p>\n<p><strong>\ud83c\udfc5 Categoria E (2016\/2017)<\/strong><br \/>\n1\u00ba \u2013 Col\u00e9gio Mimoso do Oeste (CMO)<br \/>\n2\u00ba \u2013 Escola Municipal Pedro Paulo C\u00f4rte Filho<br \/>\n3\u00ba \u2013 Centro Educacional Espa\u00e7o Livre<\/p>\n<p style=\"text-align: center;\"><strong><img decoding=\"async\" class=\"emoji aligncenter\" role=\"img\" draggable=\"false\" src=\"https:\/\/s.w.org\/images\/core\/emoji\/16.0.1\/svg\/1f4e1.svg\" alt=\"\ud83d\udce1\" \/>\u00a0Connecta Oeste \u2014 conectando voc\u00ea \u00e0 informa\u00e7\u00e3o de qualidade!<\/strong><\/p>\n","protected":false},"excerpt":{"rendered":"<p>A Prefeitura de Lu\u00eds Eduardo Magalh\u00e3es, por meio da Secretaria Municipal de Educa\u00e7\u00e3o, realizou nesta quarta-feira (8), no Gin\u00e1sio Jos\u00e9 Queiroz Barreto Neto, a cerim\u00f4nia de encerramento da 23\u00aa edi\u00e7\u00e3o da OILEM \u2013 Olimp\u00edadas Intercolegiais de Lu\u00eds Eduardo Magalh\u00e3es, considerada a maior competi\u00e7\u00e3o estudantil municipal do Norte e Nordeste e uma das maiores do pa\u00eds. [&hellip;]<\/p>\n","protected":false},"author":1,"featured_media":2109,"comment_status":"open","ping_status":"open","sticky":false,"template":"","format":"standard","meta":{"footnotes":""},"categories":[7,8,62,46,5],"tags":[],"class_list":["post-2108","post","type-post","status-publish","format-standard","has-post-thumbnail","hentry","category-bahia","category-brasil","category-evento","category-lem","category-noticias"],"_links":{"self":[{"href":"https:\/\/connectaoeste.com.br\/index.php\/wp-json\/wp\/v2\/posts\/2108","targetHints":{"allow":["GET"]}}],"collection":[{"href":"https:\/\/connectaoeste.com.br\/index.php\/wp-json\/wp\/v2\/posts"}],"about":[{"href":"https:\/\/connectaoeste.com.br\/index.php\/wp-json\/wp\/v2\/types\/post"}],"author":[{"embeddable":true,"href":"https:\/\/connectaoeste.com.br\/index.php\/wp-json\/wp\/v2\/users\/1"}],"replies":[{"embeddable":true,"href":"https:\/\/connectaoeste.com.br\/index.php\/wp-json\/wp\/v2\/comments?post=2108"}],"version-history":[{"count":3,"href":"https:\/\/connectaoeste.com.br\/index.php\/wp-json\/wp\/v2\/posts\/2108\/revisions"}],"predecessor-version":[{"id":2114,"href":"https:\/\/connectaoeste.com.br\/index.php\/wp-json\/wp\/v2\/posts\/2108\/revisions\/2114"}],"wp:featuredmedia":[{"embeddable":true,"href":"https:\/\/connectaoeste.com.br\/index.php\/wp-json\/wp\/v2\/media\/2109"}],"wp:attachment":[{"href":"https:\/\/connectaoeste.com.br\/index.php\/wp-json\/wp\/v2\/media?parent=2108"}],"wp:term":[{"taxonomy":"category","embeddable":true,"href":"https:\/\/connectaoeste.com.br\/index.php\/wp-json\/wp\/v2\/categories?post=2108"},{"taxonomy":"post_tag","embeddable":true,"href":"https:\/\/connectaoeste.com.br\/index.php\/wp-json\/wp\/v2\/tags?post=2108"}],"curies":[{"name":"wp","href":"https:\/\/api.w.org\/{rel}","templated":true}]}}