{"id":2125,"date":"2025-10-20T11:06:47","date_gmt":"2025-10-20T14:06:47","guid":{"rendered":"https:\/\/connectaoeste.com.br\/?p=2125"},"modified":"2025-10-20T11:06:47","modified_gmt":"2025-10-20T14:06:47","slug":"flamengo-vence-palmeiras-em-duelo-eletrizante-e-esquenta-a-briga-pelo-titulo-do-brasileirao","status":"publish","type":"post","link":"https:\/\/connectaoeste.com.br\/index.php\/2025\/10\/20\/flamengo-vence-palmeiras-em-duelo-eletrizante-e-esquenta-a-briga-pelo-titulo-do-brasileirao\/","title":{"rendered":"Flamengo vence Palmeiras em duelo eletrizante e esquenta a briga pelo t\u00edtulo do Brasileir\u00e3o."},"content":{"rendered":"<p><!--StartFragment --><\/p>\n<p>Em um domingo chuvoso no Rio de Janeiro, o Flamengo protagonizou um espet\u00e1culo no Maracan\u00e3 ao vencer o Palmeiras por <strong>3 a 2<\/strong>, em partida v\u00e1lida pela 29\u00aa rodada do Campeonato Brasileiro. O confronto direto pela lideran\u00e7a foi marcado por intensidade, pol\u00eamicas e atua\u00e7\u00f5es decisivas, especialmente do atacante <strong>Pedro<\/strong>, que brilhou ao participar dos tr\u00eas gols rubro-negros.<\/p>\n<h3>\u26bd Primeiro tempo fren\u00e9tico<\/h3>\n<p>Logo aos 9 minutos, <strong>De Arrascaeta<\/strong> abriu o placar para o Flamengo com um belo chute. O Palmeiras reagiu rapidamente com <strong>Vitor Roque<\/strong>, que empatou de cabe\u00e7a aos 23 minutos. Mas o Rubro-Negro n\u00e3o se intimidou: <strong>Jorginho<\/strong> converteu um p\u00eanalti aos 41 minutos e, pouco depois, <strong>Pedro<\/strong> ampliou para 3 a 1, aproveitando falha da defesa alviverde.<\/p>\n<h3>\ud83d\udd25 Segundo tempo de tens\u00e3o<\/h3>\n<p>Na etapa final, o Palmeiras tentou reagir e conseguiu diminuir com <strong>Gustavo G\u00f3mez<\/strong> aos 90 minutos, mas j\u00e1 era tarde. A partida ainda teve cart\u00f5es amarelos para <strong>Alex Sandro<\/strong> e <strong>Jorge Carrascal<\/strong>, al\u00e9m de uma expuls\u00e3o pol\u00eamica de <strong>Joaqu\u00edn Piquerez<\/strong> ap\u00f3s o apito final.<\/p>\n<h3>\ud83d\udcca Impacto na tabela<\/h3>\n<p>Com a vit\u00f3ria, o Flamengo igualou a pontua\u00e7\u00e3o do Palmeiras \u2014 ambos com <strong>61 pontos<\/strong> \u2014 e deixou a disputa pelo t\u00edtulo ainda mais acirrada. O Cruzeiro, terceiro colocado, aparece com 56 pontos e uma partida a mais.<\/p>\n<h3>\ud83d\udde3\ufe0f Repercuss\u00e3o<\/h3>\n<p>Nas redes sociais, torcedores do Flamengo celebraram o triunfo com entusiasmo, enquanto os palmeirenses demonstraram insatisfa\u00e7\u00e3o com a arbitragem. A atua\u00e7\u00e3o de Pedro foi amplamente elogiada, consolidando o camisa 9 como pe\u00e7a-chave na campanha rubro-negra.<\/p>\n<p style=\"text-align: center;\"><strong><img decoding=\"async\" class=\"emoji\" role=\"img\" draggable=\"false\" src=\"https:\/\/s.w.org\/images\/core\/emoji\/16.0.1\/svg\/1f4e1.svg\" alt=\"\ud83d\udce1\" \/>\u00a0Connecta Oeste \u2014 conectando voc\u00ea \u00e0 informa\u00e7\u00e3o de qualidade!<\/strong><\/p>\n<p><!--EndFragment --><\/p>\n","protected":false},"excerpt":{"rendered":"<p>Em um domingo chuvoso no Rio de Janeiro, o Flamengo protagonizou um espet\u00e1culo no Maracan\u00e3 ao vencer o Palmeiras por 3 a 2, em partida v\u00e1lida pela 29\u00aa rodada do Campeonato Brasileiro. O confronto direto pela lideran\u00e7a foi marcado por intensidade, pol\u00eamicas e atua\u00e7\u00f5es decisivas, especialmente do atacante Pedro, que brilhou ao participar dos tr\u00eas [&hellip;]<\/p>\n","protected":false},"author":1,"featured_media":2127,"comment_status":"open","ping_status":"open","sticky":false,"template":"","format":"standard","meta":{"footnotes":""},"categories":[8,6,63,5],"tags":[],"class_list":["post-2125","post","type-post","status-publish","format-standard","has-post-thumbnail","hentry","category-brasil","category-esportes","category-festa","category-noticias"],"_links":{"self":[{"href":"https:\/\/connectaoeste.com.br\/index.php\/wp-json\/wp\/v2\/posts\/2125","targetHints":{"allow":["GET"]}}],"collection":[{"href":"https:\/\/connectaoeste.com.br\/index.php\/wp-json\/wp\/v2\/posts"}],"about":[{"href":"https:\/\/connectaoeste.com.br\/index.php\/wp-json\/wp\/v2\/types\/post"}],"author":[{"embeddable":true,"href":"https:\/\/connectaoeste.com.br\/index.php\/wp-json\/wp\/v2\/users\/1"}],"replies":[{"embeddable":true,"href":"https:\/\/connectaoeste.com.br\/index.php\/wp-json\/wp\/v2\/comments?post=2125"}],"version-history":[{"count":1,"href":"https:\/\/connectaoeste.com.br\/index.php\/wp-json\/wp\/v2\/posts\/2125\/revisions"}],"predecessor-version":[{"id":2128,"href":"https:\/\/connectaoeste.com.br\/index.php\/wp-json\/wp\/v2\/posts\/2125\/revisions\/2128"}],"wp:featuredmedia":[{"embeddable":true,"href":"https:\/\/connectaoeste.com.br\/index.php\/wp-json\/wp\/v2\/media\/2127"}],"wp:attachment":[{"href":"https:\/\/connectaoeste.com.br\/index.php\/wp-json\/wp\/v2\/media?parent=2125"}],"wp:term":[{"taxonomy":"category","embeddable":true,"href":"https:\/\/connectaoeste.com.br\/index.php\/wp-json\/wp\/v2\/categories?post=2125"},{"taxonomy":"post_tag","embeddable":true,"href":"https:\/\/connectaoeste.com.br\/index.php\/wp-json\/wp\/v2\/tags?post=2125"}],"curies":[{"name":"wp","href":"https:\/\/api.w.org\/{rel}","templated":true}]}}