{"id":2132,"date":"2025-10-26T19:26:17","date_gmt":"2025-10-26T22:26:17","guid":{"rendered":"https:\/\/connectaoeste.com.br\/?p=2132"},"modified":"2025-10-26T19:26:17","modified_gmt":"2025-10-26T22:26:17","slug":"eleicao-legislativa-e-encerrada-na-argentina-com-baixa-participacao","status":"publish","type":"post","link":"https:\/\/connectaoeste.com.br\/index.php\/2025\/10\/26\/eleicao-legislativa-e-encerrada-na-argentina-com-baixa-participacao\/","title":{"rendered":"Elei\u00e7\u00e3o legislativa \u00e9 encerrada na Argentina com baixa participa\u00e7\u00e3o."},"content":{"rendered":"<p><!--StartFragment --><\/p>\n<p><strong>Buenos Aires, 26 de outubro de 2025<\/strong> \u2014 A Argentina encerrou neste domingo suas elei\u00e7\u00f5es legislativas de meio mandato com um dado preocupante: a participa\u00e7\u00e3o popular foi a mais baixa desde o retorno da democracia em 1983. Apenas <strong>66% dos eleitores<\/strong> compareceram \u00e0s urnas, segundo dados oficiais da C\u00e2mara Nacional Eleitoral.<\/p>\n<p>O pleito renovou <strong>127 das 257 cadeiras da C\u00e2mara dos Deputados<\/strong> e <strong>24 dos 72 assentos do Senado<\/strong>, sendo considerado um teste crucial para o governo do presidente <strong>Javier Milei<\/strong>, que busca ampliar sua base de apoio no Congresso para viabilizar sua agenda de reformas econ\u00f4micas.<\/p>\n<h2>\ud83d\udcc9 Fatores que influenciaram a baixa participa\u00e7\u00e3o<\/h2>\n<p>Especialistas apontam que a <strong>fadiga eleitoral<\/strong>, a <strong>crise econ\u00f4mica persistente<\/strong> e a <strong>desilus\u00e3o com a classe pol\u00edtica<\/strong> contribu\u00edram para o alto \u00edndice de absten\u00e7\u00e3o. Em compara\u00e7\u00e3o, as \u00faltimas tr\u00eas elei\u00e7\u00f5es legislativas registraram participa\u00e7\u00f5es de 79%, 76% e 71%, respectivamente.<\/p>\n<p>Al\u00e9m disso, o clima de polariza\u00e7\u00e3o e o ritmo acelerado das mudan\u00e7as propostas por Milei podem ter gerado inseguran\u00e7a entre os eleitores. \u201cH\u00e1 uma sensa\u00e7\u00e3o de que o voto n\u00e3o muda nada, o que \u00e9 perigoso para qualquer democracia\u201d, afirmou o analista pol\u00edtico argentino Mart\u00edn Rodr\u00edguez.<\/p>\n<h2>\ud83c\udfdb\ufe0f Impacto pol\u00edtico<\/h2>\n<p>O resultado das urnas ser\u00e1 decisivo para os pr\u00f3ximos dois anos do governo Milei. Seu partido, <strong>La Libertad Avanza<\/strong>, tenta transformar sua minoria parlamentar em uma for\u00e7a capaz de aprovar reformas estruturais, como privatiza\u00e7\u00f5es e cortes de gastos p\u00fablicos.<\/p>\n<p>A apura\u00e7\u00e3o dos votos come\u00e7ou \u00e0s 18h e os primeiros resultados oficiais devem ser divulgados por volta das 21h (hor\u00e1rio de Bras\u00edlia). At\u00e9 l\u00e1, pesquisas de boca de urna est\u00e3o proibidas por lei.<\/p>\n<h2>\ud83d\udccc Conclus\u00e3o<\/h2>\n<p>A baixa participa\u00e7\u00e3o levanta um alerta sobre o engajamento c\u00edvico na Argentina e coloca em xeque a legitimidade pol\u00edtica de futuras decis\u00f5es legislativas. Enquanto o pa\u00eds aguarda os resultados finais, o governo Milei enfrenta o desafio de reconquistar a confian\u00e7a da popula\u00e7\u00e3o e provar que suas propostas t\u00eam respaldo popular.<\/p>\n<p style=\"text-align: center;\"><strong><img decoding=\"async\" class=\"emoji aligncenter\" role=\"img\" draggable=\"false\" src=\"https:\/\/s.w.org\/images\/core\/emoji\/16.0.1\/svg\/1f4e1.svg\" alt=\"\ud83d\udce1\" \/>\u00a0Connecta Oeste \u2014 conectando voc\u00ea \u00e0 informa\u00e7\u00e3o de qualidade!<\/strong><\/p>\n<p><!--EndFragment --><\/p>\n","protected":false},"excerpt":{"rendered":"<p>Buenos Aires, 26 de outubro de 2025 \u2014 A Argentina encerrou neste domingo suas elei\u00e7\u00f5es legislativas de meio mandato com um dado preocupante: a participa\u00e7\u00e3o popular foi a mais baixa desde o retorno da democracia em 1983. Apenas 66% dos eleitores compareceram \u00e0s urnas, segundo dados oficiais da C\u00e2mara Nacional Eleitoral. O pleito renovou 127 [&hellip;]<\/p>\n","protected":false},"author":1,"featured_media":2133,"comment_status":"open","ping_status":"open","sticky":false,"template":"","format":"standard","meta":{"footnotes":""},"categories":[9,5,1],"tags":[],"class_list":["post-2132","post","type-post","status-publish","format-standard","has-post-thumbnail","hentry","category-mundo","category-noticias","category-politica"],"_links":{"self":[{"href":"https:\/\/connectaoeste.com.br\/index.php\/wp-json\/wp\/v2\/posts\/2132","targetHints":{"allow":["GET"]}}],"collection":[{"href":"https:\/\/connectaoeste.com.br\/index.php\/wp-json\/wp\/v2\/posts"}],"about":[{"href":"https:\/\/connectaoeste.com.br\/index.php\/wp-json\/wp\/v2\/types\/post"}],"author":[{"embeddable":true,"href":"https:\/\/connectaoeste.com.br\/index.php\/wp-json\/wp\/v2\/users\/1"}],"replies":[{"embeddable":true,"href":"https:\/\/connectaoeste.com.br\/index.php\/wp-json\/wp\/v2\/comments?post=2132"}],"version-history":[{"count":1,"href":"https:\/\/connectaoeste.com.br\/index.php\/wp-json\/wp\/v2\/posts\/2132\/revisions"}],"predecessor-version":[{"id":2134,"href":"https:\/\/connectaoeste.com.br\/index.php\/wp-json\/wp\/v2\/posts\/2132\/revisions\/2134"}],"wp:featuredmedia":[{"embeddable":true,"href":"https:\/\/connectaoeste.com.br\/index.php\/wp-json\/wp\/v2\/media\/2133"}],"wp:attachment":[{"href":"https:\/\/connectaoeste.com.br\/index.php\/wp-json\/wp\/v2\/media?parent=2132"}],"wp:term":[{"taxonomy":"category","embeddable":true,"href":"https:\/\/connectaoeste.com.br\/index.php\/wp-json\/wp\/v2\/categories?post=2132"},{"taxonomy":"post_tag","embeddable":true,"href":"https:\/\/connectaoeste.com.br\/index.php\/wp-json\/wp\/v2\/tags?post=2132"}],"curies":[{"name":"wp","href":"https:\/\/api.w.org\/{rel}","templated":true}]}}