{"id":2142,"date":"2025-10-28T14:38:53","date_gmt":"2025-10-28T17:38:53","guid":{"rendered":"https:\/\/connectaoeste.com.br\/?p=2142"},"modified":"2025-10-28T14:38:53","modified_gmt":"2025-10-28T17:38:53","slug":"fim-dos-tempos-clarao-misterioso-no-ceu-da-bahia-intriga-moradores-e-revela-fenomeno-espacial","status":"publish","type":"post","link":"https:\/\/connectaoeste.com.br\/index.php\/2025\/10\/28\/fim-dos-tempos-clarao-misterioso-no-ceu-da-bahia-intriga-moradores-e-revela-fenomeno-espacial\/","title":{"rendered":"Fim dos tempos? Clar\u00e3o misterioso no c\u00e9u da Bahia intriga moradores e revela fen\u00f4meno espacial."},"content":{"rendered":"<p>Na noite de segunda-feira, 27 de outubro de 2025, moradores de diversas cidades do interior da Bahia foram surpreendidos por um intenso clar\u00e3o que cruzou o c\u00e9u, deixando rastros alaranjados e provocando espanto \u2014 e at\u00e9 teorias apocal\u00edpticas. V\u00eddeos do fen\u00f4meno viralizaram nas redes sociais, com internautas questionando: \u201c\u00c9 o fim do mundo?\u201d.<\/p>\n<p>\ud83c\udf0c <strong>O que foi visto?<\/strong> O brilho foi descrito como uma \u201cbola incandescente\u201d que se deslocava rapidamente antes de desaparecer. Cidades como Tanha\u00e7u, Ibotirama, Serra Dourada, Angical, Barreiras, Aracatu e Livramento de Nossa Senhora registraram o evento.<\/p>\n<div style=\"width: 640px;\" class=\"wp-video\"><!--[if lt IE 9]><script>document.createElement('video');<\/script><![endif]-->\n<video class=\"wp-video-shortcode\" id=\"video-2142-1\" width=\"640\" height=\"1138\" preload=\"metadata\" controls=\"controls\"><source type=\"video\/mp4\" src=\"http:\/\/connectaoeste.com.br\/wp-content\/uploads\/2025\/10\/connecta.mp4?_=1\" \/><a href=\"http:\/\/connectaoeste.com.br\/wp-content\/uploads\/2025\/10\/connecta.mp4\">http:\/\/connectaoeste.com.br\/wp-content\/uploads\/2025\/10\/connecta.mp4<\/a><\/video><\/div>\n<p>\ud83d\udd2d <strong>Mist\u00e9rio resolvido: lixo espacial<\/strong> Apesar das especula\u00e7\u00f5es, o fen\u00f4meno tem explica\u00e7\u00e3o cient\u00edfica. Segundo Alexsandro Mota, membro da Rede Brasileira de Observa\u00e7\u00e3o de Meteoros, o clar\u00e3o foi causado pela reentrada na atmosfera de um fragmento de foguete lan\u00e7ado pela China em junho de 2024. Ao perder altitude, o corpo do foguete queimou completamente ao atravessar as camadas atmosf\u00e9ricas, gerando o espet\u00e1culo luminoso.<\/p>\n<p>\ud83c\udf0d <strong>Um alerta sobre o lixo espacial<\/strong> A Terra est\u00e1 cercada por milhares de detritos espaciais \u2014 restos de sat\u00e9lites, partes de foguetes e equipamentos desativados. Esses objetos, ao reentrarem na atmosfera, podem provocar fen\u00f4menos como o observado na Bahia. Embora n\u00e3o representem perigo imediato, chamam aten\u00e7\u00e3o para a crescente polui\u00e7\u00e3o orbital.<\/p>\n<p>\ud83d\ude2e <strong>Rea\u00e7\u00f5es nas redes<\/strong> Enquanto alguns moradores ficaram assustados, outros aproveitaram para brincar com a situa\u00e7\u00e3o. \u201cRapaz, e este clar\u00e3o no c\u00e9u aqui no Munic\u00edpio de Tanha\u00e7u, algu\u00e9m possu\u00ed alguma informa\u00e7\u00e3o sobre?? #Ovni\u201d, publicou um usu\u00e1rio no X (antigo Twitter).<\/p>\n<p>\ud83d\udd1a <strong>Fim dos tempos? N\u00e3o desta vez<\/strong> Apesar do susto e das especula\u00e7\u00f5es, o clar\u00e3o foi apenas mais um lembrete de que o espa\u00e7o est\u00e1 mais pr\u00f3ximo \u2014 e mais cheio \u2014 do que imaginamos. E embora n\u00e3o seja o fim do mundo, \u00e9 certamente o come\u00e7o de uma conversa sobre como lidamos com o lixo que deixamos at\u00e9 fora da Terra.<\/p>\n<p style=\"text-align: center;\"><strong><img decoding=\"async\" class=\"emoji aligncenter\" role=\"img\" draggable=\"false\" src=\"https:\/\/s.w.org\/images\/core\/emoji\/16.0.1\/svg\/1f4e1.svg\" alt=\"\ud83d\udce1\" \/>\u00a0Connecta Oeste \u2014 conectando voc\u00ea \u00e0 informa\u00e7\u00e3o de qualidade!<\/strong><\/p>\n","protected":false},"excerpt":{"rendered":"<p>Na noite de segunda-feira, 27 de outubro de 2025, moradores de diversas cidades do interior da Bahia foram surpreendidos por um intenso clar\u00e3o que cruzou o c\u00e9u, deixando rastros alaranjados e provocando espanto \u2014 e at\u00e9 teorias apocal\u00edpticas. V\u00eddeos do fen\u00f4meno viralizaram nas redes sociais, com internautas questionando: \u201c\u00c9 o fim do mundo?\u201d. \ud83c\udf0c O [&hellip;]<\/p>\n","protected":false},"author":1,"featured_media":2136,"comment_status":"open","ping_status":"open","sticky":false,"template":"","format":"standard","meta":{"footnotes":""},"categories":[7,8,9,5],"tags":[],"class_list":["post-2142","post","type-post","status-publish","format-standard","has-post-thumbnail","hentry","category-bahia","category-brasil","category-mundo","category-noticias"],"_links":{"self":[{"href":"https:\/\/connectaoeste.com.br\/index.php\/wp-json\/wp\/v2\/posts\/2142","targetHints":{"allow":["GET"]}}],"collection":[{"href":"https:\/\/connectaoeste.com.br\/index.php\/wp-json\/wp\/v2\/posts"}],"about":[{"href":"https:\/\/connectaoeste.com.br\/index.php\/wp-json\/wp\/v2\/types\/post"}],"author":[{"embeddable":true,"href":"https:\/\/connectaoeste.com.br\/index.php\/wp-json\/wp\/v2\/users\/1"}],"replies":[{"embeddable":true,"href":"https:\/\/connectaoeste.com.br\/index.php\/wp-json\/wp\/v2\/comments?post=2142"}],"version-history":[{"count":1,"href":"https:\/\/connectaoeste.com.br\/index.php\/wp-json\/wp\/v2\/posts\/2142\/revisions"}],"predecessor-version":[{"id":2143,"href":"https:\/\/connectaoeste.com.br\/index.php\/wp-json\/wp\/v2\/posts\/2142\/revisions\/2143"}],"wp:featuredmedia":[{"embeddable":true,"href":"https:\/\/connectaoeste.com.br\/index.php\/wp-json\/wp\/v2\/media\/2136"}],"wp:attachment":[{"href":"https:\/\/connectaoeste.com.br\/index.php\/wp-json\/wp\/v2\/media?parent=2142"}],"wp:term":[{"taxonomy":"category","embeddable":true,"href":"https:\/\/connectaoeste.com.br\/index.php\/wp-json\/wp\/v2\/categories?post=2142"},{"taxonomy":"post_tag","embeddable":true,"href":"https:\/\/connectaoeste.com.br\/index.php\/wp-json\/wp\/v2\/tags?post=2142"}],"curies":[{"name":"wp","href":"https:\/\/api.w.org\/{rel}","templated":true}]}}