{"id":2166,"date":"2025-11-08T13:17:10","date_gmt":"2025-11-08T16:17:10","guid":{"rendered":"https:\/\/connectaoeste.com.br\/?p=2166"},"modified":"2025-11-08T13:17:10","modified_gmt":"2025-11-08T16:17:10","slug":"luis-eduardo-magalhaes-esta-na-semifinal-da-copa-oeste-de-selecoes","status":"publish","type":"post","link":"https:\/\/connectaoeste.com.br\/index.php\/2025\/11\/08\/luis-eduardo-magalhaes-esta-na-semifinal-da-copa-oeste-de-selecoes\/","title":{"rendered":"Lu\u00eds Eduardo Magalh\u00e3es est\u00e1 na semifinal da Copa Oeste de Sele\u00e7\u00f5es."},"content":{"rendered":"<p>A Prefeitura Municipal de Lu\u00eds Eduardo Magalh\u00e3es, por meio da Secretaria de Esportes e Cultura, celebra o bom momento da Sele\u00e7\u00e3o de Futebol do munic\u00edpio na Copa Oeste de Sele\u00e7\u00f5es 2025. A equipe garantiu vaga nas semifinais da competi\u00e7\u00e3o, que re\u00fane as principais sele\u00e7\u00f5es da regi\u00e3o oeste da Bahia.<\/p>\n<p>A jornada come\u00e7ou com um empate sem gols contra Barreiras, em casa, no Est\u00e1dio Municipal Coronel Aroldo (Arold\u00e3o), no dia 9 de outubro. Na sequ\u00eancia, veio mais um empate por 0 x 0, fora de casa, diante de Cotegipe, e a primeira vit\u00f3ria chegou no dia 29 de outubro, no Arold\u00e3o, contra Catol\u00e2ndia \u2014 1 x 0 no placar e a classifica\u00e7\u00e3o garantida!<\/p>\n<p><img loading=\"lazy\" decoding=\"async\" class=\" wp-image-2170 aligncenter\" src=\"http:\/\/connectaoeste.com.br\/wp-content\/uploads\/2025\/11\/WhatsApp-Image-2025-11-07-at-16.07.03-300x200.jpeg\" alt=\"\" width=\"477\" height=\"318\" srcset=\"https:\/\/connectaoeste.com.br\/wp-content\/uploads\/2025\/11\/WhatsApp-Image-2025-11-07-at-16.07.03-300x200.jpeg 300w, https:\/\/connectaoeste.com.br\/wp-content\/uploads\/2025\/11\/WhatsApp-Image-2025-11-07-at-16.07.03-1024x682.jpeg 1024w, https:\/\/connectaoeste.com.br\/wp-content\/uploads\/2025\/11\/WhatsApp-Image-2025-11-07-at-16.07.03-768x512.jpeg 768w, https:\/\/connectaoeste.com.br\/wp-content\/uploads\/2025\/11\/WhatsApp-Image-2025-11-07-at-16.07.03-1536x1023.jpeg 1536w, https:\/\/connectaoeste.com.br\/wp-content\/uploads\/2025\/11\/WhatsApp-Image-2025-11-07-at-16.07.03-200x133.jpeg 200w, https:\/\/connectaoeste.com.br\/wp-content\/uploads\/2025\/11\/WhatsApp-Image-2025-11-07-at-16.07.03.jpeg 1600w\" sizes=\"auto, (max-width: 477px) 100vw, 477px\" \/><\/p>\n<p><img loading=\"lazy\" decoding=\"async\" class=\" wp-image-2169 aligncenter\" src=\"http:\/\/connectaoeste.com.br\/wp-content\/uploads\/2025\/11\/WhatsApp-Image-2025-11-07-at-16.07.04-300x200.jpeg\" alt=\"\" width=\"485\" height=\"323\" srcset=\"https:\/\/connectaoeste.com.br\/wp-content\/uploads\/2025\/11\/WhatsApp-Image-2025-11-07-at-16.07.04-300x200.jpeg 300w, https:\/\/connectaoeste.com.br\/wp-content\/uploads\/2025\/11\/WhatsApp-Image-2025-11-07-at-16.07.04-1024x682.jpeg 1024w, https:\/\/connectaoeste.com.br\/wp-content\/uploads\/2025\/11\/WhatsApp-Image-2025-11-07-at-16.07.04-768x512.jpeg 768w, https:\/\/connectaoeste.com.br\/wp-content\/uploads\/2025\/11\/WhatsApp-Image-2025-11-07-at-16.07.04-1536x1023.jpeg 1536w, https:\/\/connectaoeste.com.br\/wp-content\/uploads\/2025\/11\/WhatsApp-Image-2025-11-07-at-16.07.04-200x133.jpeg 200w, https:\/\/connectaoeste.com.br\/wp-content\/uploads\/2025\/11\/WhatsApp-Image-2025-11-07-at-16.07.04.jpeg 1600w\" sizes=\"auto, (max-width: 485px) 100vw, 485px\" \/><\/p>\n<p>Agora, a sele\u00e7\u00e3o de Lu\u00eds Eduardo enfrenta Formosa do Rio Preto na semifinal, neste domingo, 9 de novembro. A decis\u00e3o da vaga ser\u00e1 em casa, no dia 16, com o apoio da torcida.<\/p>\n<p>O Secret\u00e1rio Municipal de Esportes e Cultura, Alexsandro Machado dos Santos, destacou o orgulho pelo desempenho da equipe:<\/p>\n<p>\u201cE isso s\u00f3 com atletas da cidade, sem contrata\u00e7\u00f5es, pois esse ano foi uma renova\u00e7\u00e3o feita pela liga e pela comiss\u00e3o t\u00e9cnica da sele\u00e7\u00e3o, visando o futuro de nossa sele\u00e7\u00e3o. Por isso, estamos fazendo bonito na Copa Oeste, com planejamento e dedica\u00e7\u00e3o de todos.\u201d<\/p>\n<p>A Copa Oeste de Sele\u00e7\u00f5es teve in\u00edcio em 20 de setembro e segue movimentando o futebol regional, com partidas emocionantes e o incentivo ao esporte entre os munic\u00edpios.<\/p>\n<p style=\"text-align: center;\"><strong><img decoding=\"async\" class=\"emoji aligncenter\" role=\"img\" draggable=\"false\" src=\"https:\/\/s.w.org\/images\/core\/emoji\/16.0.1\/svg\/1f4e1.svg\" alt=\"\ud83d\udce1\" \/>\u00a0Connecta Oeste \u2014 conectando voc\u00ea \u00e0 informa\u00e7\u00e3o de qualidade!<\/strong><\/p>\n","protected":false},"excerpt":{"rendered":"<p>A Prefeitura Municipal de Lu\u00eds Eduardo Magalh\u00e3es, por meio da Secretaria de Esportes e Cultura, celebra o bom momento da Sele\u00e7\u00e3o de Futebol do munic\u00edpio na Copa Oeste de Sele\u00e7\u00f5es 2025. A equipe garantiu vaga nas semifinais da competi\u00e7\u00e3o, que re\u00fane as principais sele\u00e7\u00f5es da regi\u00e3o oeste da Bahia. A jornada come\u00e7ou com um empate [&hellip;]<\/p>\n","protected":false},"author":1,"featured_media":2168,"comment_status":"open","ping_status":"open","sticky":false,"template":"","format":"standard","meta":{"footnotes":""},"categories":[7,8,6,62,46],"tags":[],"class_list":["post-2166","post","type-post","status-publish","format-standard","has-post-thumbnail","hentry","category-bahia","category-brasil","category-esportes","category-evento","category-lem"],"_links":{"self":[{"href":"https:\/\/connectaoeste.com.br\/index.php\/wp-json\/wp\/v2\/posts\/2166","targetHints":{"allow":["GET"]}}],"collection":[{"href":"https:\/\/connectaoeste.com.br\/index.php\/wp-json\/wp\/v2\/posts"}],"about":[{"href":"https:\/\/connectaoeste.com.br\/index.php\/wp-json\/wp\/v2\/types\/post"}],"author":[{"embeddable":true,"href":"https:\/\/connectaoeste.com.br\/index.php\/wp-json\/wp\/v2\/users\/1"}],"replies":[{"embeddable":true,"href":"https:\/\/connectaoeste.com.br\/index.php\/wp-json\/wp\/v2\/comments?post=2166"}],"version-history":[{"count":3,"href":"https:\/\/connectaoeste.com.br\/index.php\/wp-json\/wp\/v2\/posts\/2166\/revisions"}],"predecessor-version":[{"id":2173,"href":"https:\/\/connectaoeste.com.br\/index.php\/wp-json\/wp\/v2\/posts\/2166\/revisions\/2173"}],"wp:featuredmedia":[{"embeddable":true,"href":"https:\/\/connectaoeste.com.br\/index.php\/wp-json\/wp\/v2\/media\/2168"}],"wp:attachment":[{"href":"https:\/\/connectaoeste.com.br\/index.php\/wp-json\/wp\/v2\/media?parent=2166"}],"wp:term":[{"taxonomy":"category","embeddable":true,"href":"https:\/\/connectaoeste.com.br\/index.php\/wp-json\/wp\/v2\/categories?post=2166"},{"taxonomy":"post_tag","embeddable":true,"href":"https:\/\/connectaoeste.com.br\/index.php\/wp-json\/wp\/v2\/tags?post=2166"}],"curies":[{"name":"wp","href":"https:\/\/api.w.org\/{rel}","templated":true}]}}