{"id":2176,"date":"2025-11-10T10:41:41","date_gmt":"2025-11-10T13:41:41","guid":{"rendered":"https:\/\/connectaoeste.com.br\/?p=2176"},"modified":"2025-11-10T10:41:41","modified_gmt":"2025-11-10T13:41:41","slug":"vereador-e-assessor-sao-mortos-a-tiros-em-sitio-no-interior-da-bahia","status":"publish","type":"post","link":"https:\/\/connectaoeste.com.br\/index.php\/2025\/11\/10\/vereador-e-assessor-sao-mortos-a-tiros-em-sitio-no-interior-da-bahia\/","title":{"rendered":"Vereador e assessor s\u00e3o mortos a tiros em s\u00edtio no interior da Bahia."},"content":{"rendered":"<p><!--StartFragment --><\/p>\n<p><strong>Santo Amaro (BA)<\/strong> \u2014 Um crime brutal chocou o Rec\u00f4ncavo Baiano na manh\u00e3 do \u00faltimo domingo (9), quando o vereador Gleiber da Mota Fernandes, conhecido como Gleiber J\u00fanior (Avante), e seu assessor Diego Castro Reis foram encontrados mortos a tiros em um s\u00edtio pertencente \u00e0 fam\u00edlia do parlamentar, localizado na zona rural de Santo Amaro.<\/p>\n<h3>\ud83d\udc64 Quem eram as v\u00edtimas<\/h3>\n<ul>\n<li><strong>Gleiber J\u00fanior<\/strong>, de 37 anos, estava em seu primeiro mandato como vereador de Santo Amaro. Presidente do diret\u00f3rio municipal do partido Avante, ele havia se lan\u00e7ado recentemente como pr\u00e9-candidato a deputado federal. Nas redes sociais, se apresentava como \u201cporta-voz do povo\u201d e \u201cum jovem que trabalha com cora\u00e7\u00e3o e prop\u00f3sito\u201d.<\/li>\n<li><strong>Diego Castro Reis<\/strong>, de 23 anos, era assessor direto de Gleiber e acompanhava o vereador em suas atividades pol\u00edticas e comunit\u00e1rias.<\/li>\n<\/ul>\n<h3>\ud83d\udccd O crime<\/h3>\n<p>Segundo informa\u00e7\u00f5es da Pol\u00edcia Civil da Bahia, os dois foram encontrados sem vida no s\u00edtio da fam\u00edlia de Gleiber, com marcas de disparos de arma de fogo. A Pol\u00edcia Militar foi acionada ap\u00f3s receber a informa\u00e7\u00e3o de que os corpos estavam no local sem sinais vitais.<\/p>\n<p>Equipes da Pol\u00edcia Civil, da Pol\u00edcia Militar e do Departamento de Pol\u00edcia T\u00e9cnica (DPT) realizaram os primeiros levantamentos. At\u00e9 o momento, n\u00e3o h\u00e1 informa\u00e7\u00f5es sobre suspeitos ou motiva\u00e7\u00e3o do crime.<\/p>\n<h3>\ud83d\udd4a\ufe0f Repercuss\u00e3o<\/h3>\n<p>A Prefeitura de Santo Amaro decretou luto oficial de tr\u00eas dias e manifestou pesar pelas mortes, prestando solidariedade aos familiares e amigos das v\u00edtimas. A comunidade local est\u00e1 abalada com o ocorrido, e lideran\u00e7as pol\u00edticas da regi\u00e3o t\u00eam cobrado celeridade nas investiga\u00e7\u00f5es.<\/p>\n<h3>\ud83d\udd0d Investiga\u00e7\u00e3o em andamento<\/h3>\n<p>A Pol\u00edcia Civil informou que dilig\u00eancias e oitivas est\u00e3o em curso para identificar os autores e esclarecer as circunst\u00e2ncias das execu\u00e7\u00f5es. O caso segue sob sigilo, e novas informa\u00e7\u00f5es devem ser divulgadas conforme o avan\u00e7o das investiga\u00e7\u00f5es.<\/p>\n<p style=\"text-align: center;\"><strong><img decoding=\"async\" class=\"emoji aligncenter\" role=\"img\" draggable=\"false\" src=\"https:\/\/s.w.org\/images\/core\/emoji\/16.0.1\/svg\/1f4e1.svg\" alt=\"\ud83d\udce1\" \/>\u00a0Connecta Oeste \u2014 conectando voc\u00ea \u00e0 informa\u00e7\u00e3o de qualidade!<\/strong><\/p>\n<p><!--EndFragment --><\/p>\n","protected":false},"excerpt":{"rendered":"<p>Santo Amaro (BA) \u2014 Um crime brutal chocou o Rec\u00f4ncavo Baiano na manh\u00e3 do \u00faltimo domingo (9), quando o vereador Gleiber da Mota Fernandes, conhecido como Gleiber J\u00fanior (Avante), e seu assessor Diego Castro Reis foram encontrados mortos a tiros em um s\u00edtio pertencente \u00e0 fam\u00edlia do parlamentar, localizado na zona rural de Santo Amaro. [&hellip;]<\/p>\n","protected":false},"author":1,"featured_media":2177,"comment_status":"open","ping_status":"open","sticky":false,"template":"","format":"standard","meta":{"footnotes":""},"categories":[7,8,88,5,1],"tags":[],"class_list":["post-2176","post","type-post","status-publish","format-standard","has-post-thumbnail","hentry","category-bahia","category-brasil","category-crime","category-noticias","category-politica"],"_links":{"self":[{"href":"https:\/\/connectaoeste.com.br\/index.php\/wp-json\/wp\/v2\/posts\/2176","targetHints":{"allow":["GET"]}}],"collection":[{"href":"https:\/\/connectaoeste.com.br\/index.php\/wp-json\/wp\/v2\/posts"}],"about":[{"href":"https:\/\/connectaoeste.com.br\/index.php\/wp-json\/wp\/v2\/types\/post"}],"author":[{"embeddable":true,"href":"https:\/\/connectaoeste.com.br\/index.php\/wp-json\/wp\/v2\/users\/1"}],"replies":[{"embeddable":true,"href":"https:\/\/connectaoeste.com.br\/index.php\/wp-json\/wp\/v2\/comments?post=2176"}],"version-history":[{"count":1,"href":"https:\/\/connectaoeste.com.br\/index.php\/wp-json\/wp\/v2\/posts\/2176\/revisions"}],"predecessor-version":[{"id":2178,"href":"https:\/\/connectaoeste.com.br\/index.php\/wp-json\/wp\/v2\/posts\/2176\/revisions\/2178"}],"wp:featuredmedia":[{"embeddable":true,"href":"https:\/\/connectaoeste.com.br\/index.php\/wp-json\/wp\/v2\/media\/2177"}],"wp:attachment":[{"href":"https:\/\/connectaoeste.com.br\/index.php\/wp-json\/wp\/v2\/media?parent=2176"}],"wp:term":[{"taxonomy":"category","embeddable":true,"href":"https:\/\/connectaoeste.com.br\/index.php\/wp-json\/wp\/v2\/categories?post=2176"},{"taxonomy":"post_tag","embeddable":true,"href":"https:\/\/connectaoeste.com.br\/index.php\/wp-json\/wp\/v2\/tags?post=2176"}],"curies":[{"name":"wp","href":"https:\/\/api.w.org\/{rel}","templated":true}]}}