{"id":2211,"date":"2025-11-14T11:58:40","date_gmt":"2025-11-14T14:58:40","guid":{"rendered":"https:\/\/connectaoeste.com.br\/?p=2211"},"modified":"2025-11-14T11:58:40","modified_gmt":"2025-11-14T14:58:40","slug":"data-fifa-ameaca-planos-de-clubes-na-reta-final-do-brasileirao","status":"publish","type":"post","link":"https:\/\/connectaoeste.com.br\/index.php\/2025\/11\/14\/data-fifa-ameaca-planos-de-clubes-na-reta-final-do-brasileirao\/","title":{"rendered":"Data Fifa amea\u00e7a planos de clubes na reta final do Brasileir\u00e3o."},"content":{"rendered":"<p><!--StartFragment --><\/p>\n<p>Com a temporada se aproximando do desfecho, a Data Fifa de novembro reacende um debate recorrente no futebol brasileiro: at\u00e9 que ponto as convoca\u00e7\u00f5es para sele\u00e7\u00f5es nacionais podem comprometer o desempenho dos clubes na luta pelo t\u00edtulo?<\/p>\n<h3>\ud83e\udde9 Desfalques estrat\u00e9gicos em momentos decisivos<\/h3>\n<p>Palmeiras e Flamengo, protagonistas da disputa pelo topo da tabela, enfrentam desafios consider\u00e1veis. O Palmeiras perdeu at\u00e9 <strong>nove jogadores<\/strong> para compromissos internacionais, enquanto o Flamengo ficou sem <strong>sete atletas<\/strong> importantes. As aus\u00eancias obrigaram os t\u00e9cnicos Abel Ferreira e Filipe Lu\u00eds a reformular suas estrat\u00e9gias, apostando em jovens promessas e reservas pouco utilizados.<\/p>\n<blockquote><p>\u201cJogar com o elenco desfalcado em partidas atrasadas da S\u00e9rie A \u00e9 como montar um quebra-cabe\u00e7a com pe\u00e7as faltando\u201d, comentou um analista esportivo do <em>Correio Braziliense<\/em>.<\/p><\/blockquote>\n<h3>\ud83d\udcc5 Jogos durante a Data Fifa: uma exce\u00e7\u00e3o que pesa<\/h3>\n<p>Diferente de outras ligas que pausam completamente durante as Datas Fifa, o Brasileir\u00e3o manteve quatro partidas programadas nesse per\u00edodo. Isso gerou cr\u00edticas por parte de dirigentes e torcedores, que apontam desequil\u00edbrio competitivo, j\u00e1 que alguns clubes jogam com for\u00e7a m\u00e1xima enquanto outros enfrentam baixas significativas.<\/p>\n<h3>\ud83c\udfc6 T\u00edtulo em risco?<\/h3>\n<p>A disputa ponto a ponto entre os l\u00edderes torna cada rodada crucial. Um trope\u00e7o causado por desfalques pode custar caro. Especialistas alertam que a falta de padroniza\u00e7\u00e3o na pausa do campeonato pode interferir diretamente na justi\u00e7a esportiva da competi\u00e7\u00e3o.<\/p>\n<h3>\ud83d\udd0d E os demais clubes?<\/h3>\n<p>Times como Fluminense e Atl\u00e9tico-MG, menos afetados pelas convoca\u00e7\u00f5es, podem se beneficiar indiretamente. Com elencos mais completos, t\u00eam a chance de somar pontos enquanto os rivais lidam com improvisa\u00e7\u00f5es.<\/p>\n<p style=\"text-align: center;\"><strong><img decoding=\"async\" class=\"emoji aligncenter\" role=\"img\" draggable=\"false\" src=\"https:\/\/s.w.org\/images\/core\/emoji\/16.0.1\/svg\/1f4e1.svg\" alt=\"\ud83d\udce1\" \/>\u00a0Connecta Oeste \u2014 conectando voc\u00ea \u00e0 informa\u00e7\u00e3o de qualidade!<\/strong><\/p>\n<p><!--EndFragment --><\/p>\n","protected":false},"excerpt":{"rendered":"<p>Com a temporada se aproximando do desfecho, a Data Fifa de novembro reacende um debate recorrente no futebol brasileiro: at\u00e9 que ponto as convoca\u00e7\u00f5es para sele\u00e7\u00f5es nacionais podem comprometer o desempenho dos clubes na luta pelo t\u00edtulo? \ud83e\udde9 Desfalques estrat\u00e9gicos em momentos decisivos Palmeiras e Flamengo, protagonistas da disputa pelo topo da tabela, enfrentam desafios [&hellip;]<\/p>\n","protected":false},"author":1,"featured_media":2212,"comment_status":"open","ping_status":"open","sticky":false,"template":"","format":"standard","meta":{"footnotes":""},"categories":[8,6,62,63,9,78,5],"tags":[],"class_list":["post-2211","post","type-post","status-publish","format-standard","has-post-thumbnail","hentry","category-brasil","category-esportes","category-evento","category-festa","category-mundo","category-neymar","category-noticias"],"_links":{"self":[{"href":"https:\/\/connectaoeste.com.br\/index.php\/wp-json\/wp\/v2\/posts\/2211","targetHints":{"allow":["GET"]}}],"collection":[{"href":"https:\/\/connectaoeste.com.br\/index.php\/wp-json\/wp\/v2\/posts"}],"about":[{"href":"https:\/\/connectaoeste.com.br\/index.php\/wp-json\/wp\/v2\/types\/post"}],"author":[{"embeddable":true,"href":"https:\/\/connectaoeste.com.br\/index.php\/wp-json\/wp\/v2\/users\/1"}],"replies":[{"embeddable":true,"href":"https:\/\/connectaoeste.com.br\/index.php\/wp-json\/wp\/v2\/comments?post=2211"}],"version-history":[{"count":1,"href":"https:\/\/connectaoeste.com.br\/index.php\/wp-json\/wp\/v2\/posts\/2211\/revisions"}],"predecessor-version":[{"id":2213,"href":"https:\/\/connectaoeste.com.br\/index.php\/wp-json\/wp\/v2\/posts\/2211\/revisions\/2213"}],"wp:featuredmedia":[{"embeddable":true,"href":"https:\/\/connectaoeste.com.br\/index.php\/wp-json\/wp\/v2\/media\/2212"}],"wp:attachment":[{"href":"https:\/\/connectaoeste.com.br\/index.php\/wp-json\/wp\/v2\/media?parent=2211"}],"wp:term":[{"taxonomy":"category","embeddable":true,"href":"https:\/\/connectaoeste.com.br\/index.php\/wp-json\/wp\/v2\/categories?post=2211"},{"taxonomy":"post_tag","embeddable":true,"href":"https:\/\/connectaoeste.com.br\/index.php\/wp-json\/wp\/v2\/tags?post=2211"}],"curies":[{"name":"wp","href":"https:\/\/api.w.org\/{rel}","templated":true}]}}