{"id":2214,"date":"2025-11-15T06:15:21","date_gmt":"2025-11-15T09:15:21","guid":{"rendered":"https:\/\/connectaoeste.com.br\/?p=2214"},"modified":"2025-11-15T06:18:32","modified_gmt":"2025-11-15T09:18:32","slug":"ministerio-publico-da-bahia-investiga-empresa-por-supressao-indevida-de-vegetacao-nativa","status":"publish","type":"post","link":"https:\/\/connectaoeste.com.br\/index.php\/2025\/11\/15\/ministerio-publico-da-bahia-investiga-empresa-por-supressao-indevida-de-vegetacao-nativa\/","title":{"rendered":"Minist\u00e9rio P\u00fablico da Bahia Investiga Empresa por Supress\u00e3o Indevida de Vegeta\u00e7\u00e3o Nativa."},"content":{"rendered":"<p><!--StartFragment --><\/p>\n<p>A Agrothathi LTDA, sediada em Ribeir\u00e3o Preto (SP), est\u00e1 sendo investigada pelo Minist\u00e9rio P\u00fablico da Bahia (MP-BA) por supostos desmatamentos irregulares em \u00e1reas do bioma Cerrado, localizadas na Fazenda Entre Rios, no oeste baiano. Dois procedimentos foram instaurados para apurar a retirada de vegeta\u00e7\u00e3o nativa em um total de 146,7 hectares, divididos entre duas regi\u00f5es da propriedade rural.<\/p>\n<p>As apura\u00e7\u00f5es tiveram in\u00edcio ap\u00f3s o MP-BA receber relat\u00f3rios do projeto \u201cTerra Protegida\u201d, que monitora o uso e ocupa\u00e7\u00e3o do solo em \u00e1reas sens\u00edveis. Segundo informa\u00e7\u00f5es das portarias assinadas pela promotora substituta Suelim Iasmine dos Santos Braga, as interven\u00e7\u00f5es ocorreram sem qualquer autoriza\u00e7\u00e3o ambiental, contrariando o que determina a Lei n\u00ba 12.651\/2012, conhecida como Novo C\u00f3digo Florestal.<\/p>\n<p>\ud83d\udd0d <strong>Detalhes das Investiga\u00e7\u00f5es:<\/strong><\/p>\n<ul>\n<li>O primeiro procedimento (IDEA n\u00ba 003.9.490801\/2025), aberto em 8 de outubro, investiga a remo\u00e7\u00e3o de 69,78 hectares de vegeta\u00e7\u00e3o na \u00e1rea identificada como R-5472.<\/li>\n<li>O segundo (IDEA n\u00ba 003.9.490795\/2025) trata da supress\u00e3o de 76,92 hectares em outro setor da mesma fazenda, registrado como R-5473.<\/li>\n<\/ul>\n<p>O MP-BA destaca que a responsabilidade por danos ambientais \u00e9 objetiva, ou seja, independe da comprova\u00e7\u00e3o de culpa, e que as obriga\u00e7\u00f5es de repara\u00e7\u00e3o s\u00e3o vinculadas ao im\u00f3vel, podendo ser transferidas a novos propriet\u00e1rios.<\/p>\n<p>\ud83d\udcc5 <strong>Pr\u00f3ximos Passos:<\/strong> A Agrothathi foi convocada para audi\u00eancias preliminares na Promotoria de Justi\u00e7a de Correntina, previstas para o in\u00edcio de novembro. O objetivo \u00e9 discutir a possibilidade de firmar um Termo de Ajustamento de Conduta (TAC), visando compensa\u00e7\u00f5es e medidas de recupera\u00e7\u00e3o ambiental.<\/p>\n<p>\ud83c\udf31 <strong>Outro Caso em Correntina:<\/strong> Em paralelo, o MP-BA tamb\u00e9m instaurou um inqu\u00e9rito contra Eduardo Zanella Monteiro, propriet\u00e1rio da Fazenda Pai e Filho, por desmatamento ilegal de 66,15 hectares de Cerrado no mesmo munic\u00edpio.<\/p>\n<p style=\"text-align: center;\"><strong><img decoding=\"async\" class=\"emoji aligncenter\" role=\"img\" draggable=\"false\" src=\"https:\/\/s.w.org\/images\/core\/emoji\/16.0.1\/svg\/1f4e1.svg\" alt=\"\ud83d\udce1\" \/>\u00a0Connecta Oeste \u2014 conectando voc\u00ea \u00e0 informa\u00e7\u00e3o de qualidade!<\/strong><\/p>\n<p><!--EndFragment --><\/p>\n","protected":false},"excerpt":{"rendered":"<p>A Agrothathi LTDA, sediada em Ribeir\u00e3o Preto (SP), est\u00e1 sendo investigada pelo Minist\u00e9rio P\u00fablico da Bahia (MP-BA) por supostos desmatamentos irregulares em \u00e1reas do bioma Cerrado, localizadas na Fazenda Entre Rios, no oeste baiano. Dois procedimentos foram instaurados para apurar a retirada de vegeta\u00e7\u00e3o nativa em um total de 146,7 hectares, divididos entre duas regi\u00f5es [&hellip;]<\/p>\n","protected":false},"author":1,"featured_media":2215,"comment_status":"open","ping_status":"open","sticky":false,"template":"","format":"standard","meta":{"footnotes":""},"categories":[82,7,8,90,5],"tags":[],"class_list":["post-2214","post","type-post","status-publish","format-standard","has-post-thumbnail","hentry","category-aumento","category-bahia","category-brasil","category-desmatamento","category-noticias"],"_links":{"self":[{"href":"https:\/\/connectaoeste.com.br\/index.php\/wp-json\/wp\/v2\/posts\/2214","targetHints":{"allow":["GET"]}}],"collection":[{"href":"https:\/\/connectaoeste.com.br\/index.php\/wp-json\/wp\/v2\/posts"}],"about":[{"href":"https:\/\/connectaoeste.com.br\/index.php\/wp-json\/wp\/v2\/types\/post"}],"author":[{"embeddable":true,"href":"https:\/\/connectaoeste.com.br\/index.php\/wp-json\/wp\/v2\/users\/1"}],"replies":[{"embeddable":true,"href":"https:\/\/connectaoeste.com.br\/index.php\/wp-json\/wp\/v2\/comments?post=2214"}],"version-history":[{"count":3,"href":"https:\/\/connectaoeste.com.br\/index.php\/wp-json\/wp\/v2\/posts\/2214\/revisions"}],"predecessor-version":[{"id":2218,"href":"https:\/\/connectaoeste.com.br\/index.php\/wp-json\/wp\/v2\/posts\/2214\/revisions\/2218"}],"wp:featuredmedia":[{"embeddable":true,"href":"https:\/\/connectaoeste.com.br\/index.php\/wp-json\/wp\/v2\/media\/2215"}],"wp:attachment":[{"href":"https:\/\/connectaoeste.com.br\/index.php\/wp-json\/wp\/v2\/media?parent=2214"}],"wp:term":[{"taxonomy":"category","embeddable":true,"href":"https:\/\/connectaoeste.com.br\/index.php\/wp-json\/wp\/v2\/categories?post=2214"},{"taxonomy":"post_tag","embeddable":true,"href":"https:\/\/connectaoeste.com.br\/index.php\/wp-json\/wp\/v2\/tags?post=2214"}],"curies":[{"name":"wp","href":"https:\/\/api.w.org\/{rel}","templated":true}]}}