{"id":2222,"date":"2025-11-16T22:50:20","date_gmt":"2025-11-17T01:50:20","guid":{"rendered":"https:\/\/connectaoeste.com.br\/?p=2222"},"modified":"2025-11-16T22:50:20","modified_gmt":"2025-11-17T01:50:20","slug":"gabarito-enem-2025-confira-a-correcao-extraoficial-da-prova-azul-do-2o-dia","status":"publish","type":"post","link":"https:\/\/connectaoeste.com.br\/index.php\/2025\/11\/16\/gabarito-enem-2025-confira-a-correcao-extraoficial-da-prova-azul-do-2o-dia\/","title":{"rendered":"Gabarito Enem 2025: Confira a Corre\u00e7\u00e3o Extraoficial da Prova Azul do 2\u00ba Dia."},"content":{"rendered":"<p><!--StartFragment --><\/p>\n<p><strong>S\u00e3o Paulo, 16 de novembro de 2025<\/strong> \u2014 Ap\u00f3s o encerramento do segundo dia de provas do Exame Nacional do Ensino M\u00e9dio (Enem) 2025, professores de cursinhos renomados divulgaram o <strong>gabarito extraoficial da prova azul<\/strong>, ajudando milhares de estudantes a estimarem seu desempenho antes da divulga\u00e7\u00e3o oficial pelo Inep.<\/p>\n<h3>\ud83d\udcda O que caiu na prova?<\/h3>\n<p>Neste domingo, os candidatos enfrentaram 90 quest\u00f5es, divididas entre <strong>Matem\u00e1tica<\/strong> e <strong>Ci\u00eancias da Natureza<\/strong> (F\u00edsica, Qu\u00edmica e Biologia). Os temas abordaram desde <strong>fun\u00e7\u00f5es e estat\u00edstica<\/strong> at\u00e9 <strong>gen\u00e9tica, energia e mudan\u00e7as clim\u00e1ticas<\/strong>, com forte presen\u00e7a de quest\u00f5es interdisciplinares e contextualizadas.<\/p>\n<h3>\ud83e\udde0 Corre\u00e7\u00e3o comentada<\/h3>\n<p>A corre\u00e7\u00e3o extraoficial foi realizada por professores do <strong>Curso Anglo<\/strong> e do <strong>Elite<\/strong>, que participaram de transmiss\u00f5es ao vivo comentando cada quest\u00e3o e explicando os racioc\u00ednios por tr\u00e1s das alternativas corretas. A equival\u00eancia entre os diferentes cadernos de prova (azul, cinza, verde e amarelo) tamb\u00e9m foi disponibilizada para facilitar a confer\u00eancia dos estudantes.<\/p>\n<h3>\ud83d\udcca Estimativa de desempenho<\/h3>\n<p>Al\u00e9m das corre\u00e7\u00f5es, plataformas como o GLOBO disponibilizaram uma <strong>calculadora de desempenho<\/strong>, permitindo que os candidatos estimem suas notas com base no n\u00famero de acertos e no modelo TRI (Teoria de Resposta ao Item), utilizado pelo Enem.<\/p>\n<h3>\ud83d\udcc5 Quando sai o gabarito oficial?<\/h3>\n<p>O <strong>gabarito oficial<\/strong> ser\u00e1 divulgado pelo Inep at\u00e9 o dia <strong>1\u00ba de dezembro<\/strong>, enquanto o resultado final est\u00e1 previsto para <strong>janeiro de 2026<\/strong>.<\/p>\n<p style=\"text-align: center;\"><strong><img decoding=\"async\" class=\"emoji aligncenter\" role=\"img\" draggable=\"false\" src=\"https:\/\/s.w.org\/images\/core\/emoji\/16.0.1\/svg\/1f4e1.svg\" alt=\"\ud83d\udce1\" \/>\u00a0Connecta Oeste \u2014 conectando voc\u00ea \u00e0 informa\u00e7\u00e3o de qualidade!<\/strong><\/p>\n<p><!--EndFragment --><\/p>\n","protected":false},"excerpt":{"rendered":"<p>S\u00e3o Paulo, 16 de novembro de 2025 \u2014 Ap\u00f3s o encerramento do segundo dia de provas do Exame Nacional do Ensino M\u00e9dio (Enem) 2025, professores de cursinhos renomados divulgaram o gabarito extraoficial da prova azul, ajudando milhares de estudantes a estimarem seu desempenho antes da divulga\u00e7\u00e3o oficial pelo Inep. \ud83d\udcda O que caiu na prova? [&hellip;]<\/p>\n","protected":false},"author":1,"featured_media":2223,"comment_status":"open","ping_status":"open","sticky":false,"template":"","format":"standard","meta":{"footnotes":""},"categories":[8,60,5],"tags":[],"class_list":["post-2222","post","type-post","status-publish","format-standard","has-post-thumbnail","hentry","category-brasil","category-educacao","category-noticias"],"_links":{"self":[{"href":"https:\/\/connectaoeste.com.br\/index.php\/wp-json\/wp\/v2\/posts\/2222","targetHints":{"allow":["GET"]}}],"collection":[{"href":"https:\/\/connectaoeste.com.br\/index.php\/wp-json\/wp\/v2\/posts"}],"about":[{"href":"https:\/\/connectaoeste.com.br\/index.php\/wp-json\/wp\/v2\/types\/post"}],"author":[{"embeddable":true,"href":"https:\/\/connectaoeste.com.br\/index.php\/wp-json\/wp\/v2\/users\/1"}],"replies":[{"embeddable":true,"href":"https:\/\/connectaoeste.com.br\/index.php\/wp-json\/wp\/v2\/comments?post=2222"}],"version-history":[{"count":1,"href":"https:\/\/connectaoeste.com.br\/index.php\/wp-json\/wp\/v2\/posts\/2222\/revisions"}],"predecessor-version":[{"id":2224,"href":"https:\/\/connectaoeste.com.br\/index.php\/wp-json\/wp\/v2\/posts\/2222\/revisions\/2224"}],"wp:featuredmedia":[{"embeddable":true,"href":"https:\/\/connectaoeste.com.br\/index.php\/wp-json\/wp\/v2\/media\/2223"}],"wp:attachment":[{"href":"https:\/\/connectaoeste.com.br\/index.php\/wp-json\/wp\/v2\/media?parent=2222"}],"wp:term":[{"taxonomy":"category","embeddable":true,"href":"https:\/\/connectaoeste.com.br\/index.php\/wp-json\/wp\/v2\/categories?post=2222"},{"taxonomy":"post_tag","embeddable":true,"href":"https:\/\/connectaoeste.com.br\/index.php\/wp-json\/wp\/v2\/tags?post=2222"}],"curies":[{"name":"wp","href":"https:\/\/api.w.org\/{rel}","templated":true}]}}