{"id":2225,"date":"2025-11-17T17:41:37","date_gmt":"2025-11-17T20:41:37","guid":{"rendered":"https:\/\/connectaoeste.com.br\/?p=2225"},"modified":"2025-11-17T19:18:08","modified_gmt":"2025-11-17T22:18:08","slug":"joao-roma-e-acm-neto-sinalizam-uniao-para-disputar-governo-da-bahia-em-2026","status":"publish","type":"post","link":"https:\/\/connectaoeste.com.br\/index.php\/2025\/11\/17\/joao-roma-e-acm-neto-sinalizam-uniao-para-disputar-governo-da-bahia-em-2026\/","title":{"rendered":"Jo\u00e3o Roma e ACM Neto sinalizam uni\u00e3o para disputar Governo da Bahia em 2026."},"content":{"rendered":"<p><!--StartFragment --><\/p>\n<p>Durante coletiva de imprensa realizada na sexta-feira, 14, em Concei\u00e7\u00e3o do Coit\u00e9, o ex-ministro da Cidadania Jo\u00e3o Roma (PL) e o ex-prefeito de Salvador ACM Neto (Uni\u00e3o Brasil) surpreenderam ao refor\u00e7ar publicamente a possibilidade de uma alian\u00e7a pol\u00edtica visando as elei\u00e7\u00f5es para o Governo da Bahia em 2026. A declara\u00e7\u00e3o marca uma reaproxima\u00e7\u00e3o entre os dois l\u00edderes, que estiveram em campos opostos na disputa estadual de 2022.<\/p>\n<p><a href=\"https:\/\/www.instagram.com\/edmarcostabr\/\"><img loading=\"lazy\" decoding=\"async\" class=\"wp-image-1913 aligncenter\" src=\"http:\/\/connectaoeste.com.br\/wp-content\/uploads\/2025\/08\/dgdgdg-300x58.png\" alt=\"\" width=\"471\" height=\"91\" srcset=\"https:\/\/connectaoeste.com.br\/wp-content\/uploads\/2025\/08\/dgdgdg-300x58.png 300w, https:\/\/connectaoeste.com.br\/wp-content\/uploads\/2025\/08\/dgdgdg-1024x199.png 1024w, https:\/\/connectaoeste.com.br\/wp-content\/uploads\/2025\/08\/dgdgdg-768x150.png 768w, https:\/\/connectaoeste.com.br\/wp-content\/uploads\/2025\/08\/dgdgdg-1536x299.png 1536w, https:\/\/connectaoeste.com.br\/wp-content\/uploads\/2025\/08\/dgdgdg-2048x399.png 2048w, https:\/\/connectaoeste.com.br\/wp-content\/uploads\/2025\/08\/dgdgdg-200x39.png 200w\" sizes=\"auto, (max-width: 471px) 100vw, 471px\" \/><\/a><\/p>\n<p>Ambos adotaram um tom conciliador e convergente, destacando a urg\u00eancia de construir uma alternativa capaz de encerrar o ciclo de 20 anos de gest\u00f5es petistas no estado. \u201cTrabalhamos para marchar juntos\u201d, afirmou Roma, sinalizando que o di\u00e1logo entre os grupos est\u00e1 avan\u00e7ado. O ex-ministro tamb\u00e9m revelou que tem mantido conversas com lideran\u00e7as do Partido Liberal, incluindo o presidente nacional da sigla, Valdemar Costa Neto, e o ex-presidente Jair Bolsonaro. Segundo ele, o objetivo \u00e9 fortalecer o bloco oposicionista com foco na uni\u00e3o e sem espa\u00e7o para vaidades pessoais.<a href=\"https:\/\/linktr.ee\/prefeituradelem?utm_source=linktree_admin_share&amp;utm_medium=social&amp;utm_content=link_in_bio&amp;fbclid=PAZXh0bgNhZW0CMTEAc3J0YwZhcHBfaWQMMjU2MjgxMDQwNTU4CGNhbGxzaXRlAjE1AAGn2aEX98E7_8gInUmOlpj2nDQx_YOL5XuX_rVfgZGSXiSsiBwyvha0o-Hgz7I_aem_rCpAuRG1sSWWidJTzxwsgg\"><img loading=\"lazy\" decoding=\"async\" class=\"wp-image-1983 aligncenter\" src=\"http:\/\/connectaoeste.com.br\/wp-content\/uploads\/2025\/08\/cropped-cropped-BAIXE-O-CONECTA-LEM-BLOG-1140X200px-300x53.jpg\" alt=\"\" width=\"470\" height=\"83\" srcset=\"https:\/\/connectaoeste.com.br\/wp-content\/uploads\/2025\/08\/cropped-cropped-BAIXE-O-CONECTA-LEM-BLOG-1140X200px-300x53.jpg 300w, https:\/\/connectaoeste.com.br\/wp-content\/uploads\/2025\/08\/cropped-cropped-BAIXE-O-CONECTA-LEM-BLOG-1140X200px-1024x180.jpg 1024w, https:\/\/connectaoeste.com.br\/wp-content\/uploads\/2025\/08\/cropped-cropped-BAIXE-O-CONECTA-LEM-BLOG-1140X200px-768x135.jpg 768w, https:\/\/connectaoeste.com.br\/wp-content\/uploads\/2025\/08\/cropped-cropped-BAIXE-O-CONECTA-LEM-BLOG-1140X200px-200x35.jpg 200w, https:\/\/connectaoeste.com.br\/wp-content\/uploads\/2025\/08\/cropped-cropped-BAIXE-O-CONECTA-LEM-BLOG-1140X200px.jpg 1140w\" sizes=\"auto, (max-width: 470px) 100vw, 470px\" \/><\/a><\/p>\n<p>ACM Neto, por sua vez, destacou que as agendas conjuntas com Roma s\u00e3o um indicativo claro do compromisso da oposi\u00e7\u00e3o em apresentar um projeto competitivo e coeso para 2026. \u201cA Bahia precisa de um novo caminho, e estamos trabalhando para construir isso com responsabilidade e di\u00e1logo\u201d, declarou.<\/p>\n<p><a href=\"https:\/\/www.instagram.com\/connectaoeste\/\"><img loading=\"lazy\" decoding=\"async\" class=\"wp-image-1678 aligncenter\" src=\"http:\/\/connectaoeste.com.br\/wp-content\/uploads\/2025\/07\/connecta-oeste-300x58.png\" alt=\"\" width=\"714\" height=\"138\" srcset=\"https:\/\/connectaoeste.com.br\/wp-content\/uploads\/2025\/07\/connecta-oeste-300x58.png 300w, https:\/\/connectaoeste.com.br\/wp-content\/uploads\/2025\/07\/connecta-oeste-1024x199.png 1024w, https:\/\/connectaoeste.com.br\/wp-content\/uploads\/2025\/07\/connecta-oeste-768x150.png 768w, https:\/\/connectaoeste.com.br\/wp-content\/uploads\/2025\/07\/connecta-oeste-1536x299.png 1536w, https:\/\/connectaoeste.com.br\/wp-content\/uploads\/2025\/07\/connecta-oeste-2048x399.png 2048w, https:\/\/connectaoeste.com.br\/wp-content\/uploads\/2025\/07\/connecta-oeste-200x39.png 200w\" sizes=\"auto, (max-width: 714px) 100vw, 714px\" \/><\/a><\/p>\n<p>A poss\u00edvel uni\u00e3o entre Roma e Neto representa uma mudan\u00e7a significativa no tabuleiro pol\u00edtico baiano. Caso se concretize, poder\u00e1 reunir for\u00e7as da direita e do centro-direita em torno de uma candidatura \u00fanica, com potencial para enfrentar o atual governador Jer\u00f4nimo Rodrigues (PT) e romper com a hegemonia petista no estado.<\/p>\n<p>A movimenta\u00e7\u00e3o j\u00e1 come\u00e7a a gerar repercuss\u00f5es nos bastidores e promete esquentar o debate pol\u00edtico nos pr\u00f3ximos meses.<\/p>\n<p style=\"text-align: center;\"><strong><img decoding=\"async\" class=\"emoji aligncenter\" role=\"img\" draggable=\"false\" src=\"https:\/\/s.w.org\/images\/core\/emoji\/16.0.1\/svg\/1f4e1.svg\" alt=\"\ud83d\udce1\" \/>\u00a0Connecta Oeste \u2014 conectando voc\u00ea \u00e0 informa\u00e7\u00e3o de qualidade!<\/strong><\/p>\n<p><!--EndFragment --><\/p>\n","protected":false},"excerpt":{"rendered":"<p>Durante coletiva de imprensa realizada na sexta-feira, 14, em Concei\u00e7\u00e3o do Coit\u00e9, o ex-ministro da Cidadania Jo\u00e3o Roma (PL) e o ex-prefeito de Salvador ACM Neto (Uni\u00e3o Brasil) surpreenderam ao refor\u00e7ar publicamente a possibilidade de uma alian\u00e7a pol\u00edtica visando as elei\u00e7\u00f5es para o Governo da Bahia em 2026. A declara\u00e7\u00e3o marca uma reaproxima\u00e7\u00e3o entre os [&hellip;]<\/p>\n","protected":false},"author":1,"featured_media":2226,"comment_status":"open","ping_status":"open","sticky":false,"template":"","format":"standard","meta":{"footnotes":""},"categories":[7,8,5,1],"tags":[],"class_list":["post-2225","post","type-post","status-publish","format-standard","has-post-thumbnail","hentry","category-bahia","category-brasil","category-noticias","category-politica"],"_links":{"self":[{"href":"https:\/\/connectaoeste.com.br\/index.php\/wp-json\/wp\/v2\/posts\/2225","targetHints":{"allow":["GET"]}}],"collection":[{"href":"https:\/\/connectaoeste.com.br\/index.php\/wp-json\/wp\/v2\/posts"}],"about":[{"href":"https:\/\/connectaoeste.com.br\/index.php\/wp-json\/wp\/v2\/types\/post"}],"author":[{"embeddable":true,"href":"https:\/\/connectaoeste.com.br\/index.php\/wp-json\/wp\/v2\/users\/1"}],"replies":[{"embeddable":true,"href":"https:\/\/connectaoeste.com.br\/index.php\/wp-json\/wp\/v2\/comments?post=2225"}],"version-history":[{"count":4,"href":"https:\/\/connectaoeste.com.br\/index.php\/wp-json\/wp\/v2\/posts\/2225\/revisions"}],"predecessor-version":[{"id":2230,"href":"https:\/\/connectaoeste.com.br\/index.php\/wp-json\/wp\/v2\/posts\/2225\/revisions\/2230"}],"wp:featuredmedia":[{"embeddable":true,"href":"https:\/\/connectaoeste.com.br\/index.php\/wp-json\/wp\/v2\/media\/2226"}],"wp:attachment":[{"href":"https:\/\/connectaoeste.com.br\/index.php\/wp-json\/wp\/v2\/media?parent=2225"}],"wp:term":[{"taxonomy":"category","embeddable":true,"href":"https:\/\/connectaoeste.com.br\/index.php\/wp-json\/wp\/v2\/categories?post=2225"},{"taxonomy":"post_tag","embeddable":true,"href":"https:\/\/connectaoeste.com.br\/index.php\/wp-json\/wp\/v2\/tags?post=2225"}],"curies":[{"name":"wp","href":"https:\/\/api.w.org\/{rel}","templated":true}]}}