{"id":227,"date":"2023-12-06T08:20:31","date_gmt":"2023-12-06T11:20:31","guid":{"rendered":"https:\/\/connectaoeste.com.br\/?p=227"},"modified":"2023-12-06T08:20:31","modified_gmt":"2023-12-06T11:20:31","slug":"ze-neto-da-dupla-ze-neto-e-cristiano-sofre-acidente-de-carro","status":"publish","type":"post","link":"https:\/\/connectaoeste.com.br\/index.php\/2023\/12\/06\/ze-neto-da-dupla-ze-neto-e-cristiano-sofre-acidente-de-carro\/","title":{"rendered":"Z\u00e9 Neto, da dupla Z\u00e9 Neto e Cristiano, sofre acidente de carro"},"content":{"rendered":"\n<p>Z\u00e9 Neto sofre acidente em Minas \u2014 Foto: Reprodu\u00e7\u00e3o<\/p>\n\n\n\n<p>O cantor\u00a0<strong>Z\u00e9 Neto<\/strong>, da dupla\u00a0<strong>Z\u00e9 Neto e Cristiano<\/strong>, sofreu um acidente na noite desta ter\u00e7a-feira (5) na BR-153, em\u00a0<a class=\"\" href=\"https:\/\/g1.globo.com\/mg\/triangulo-mineiro\/cidade\/fronteira\/\">Fronteira (MG)<\/a>. Segundo a pol\u00edcia, o carro em que ele estava capotou ap\u00f3s uma colis\u00e3o. Ele foi encaminhado para o Hospital de Base de\u00a0<a class=\"\" href=\"https:\/\/g1.globo.com\/sp\/sao-jose-do-rio-preto-aracatuba\/cidade\/sao-jose-do-rio-preto\/\">S\u00e3o Jos\u00e9 do Rio Preto (SP)<\/a>\u00a0e n\u00e3o corre risco de morte.<\/p>\n\n\n\n<p>De acordo com a assessoria de imprensa do cantor, Z\u00e9 Neto est\u00e1 bem. Ele sofreu uma fratura na costela, al\u00e9m de outros ferimentos, e deve passar a noite na UTI em observa\u00e7\u00e3o. Tomografias de cervical e pesco\u00e7o apontaram normalidade.<\/p>\n\n\n\n<p>De acordo com a pol\u00edcia, as primeiras informa\u00e7\u00f5es sobre o acidente indicam que Z\u00e9 Neto seguia pela rodovia quando colidiu lateralmente com o eixo de uma carreta. A assessoria do cantor disse que ele havia sa\u00eddo de seu rancho em Fronteira (MG) com destino a S\u00e3o Jos\u00e9 do Rio Preto (SP).<\/p>\n\n\n\n<figure class=\"wp-block-image size-large\"><img loading=\"lazy\" decoding=\"async\" width=\"1024\" height=\"109\" src=\"http:\/\/connectaoeste.com.br\/wp-content\/uploads\/2023\/11\/cropped-cropped-SITE-ID-001-10-1024x109.png\" alt=\"\" class=\"wp-image-109\" srcset=\"https:\/\/connectaoeste.com.br\/wp-content\/uploads\/2023\/11\/cropped-cropped-SITE-ID-001-10-1024x109.png 1024w, https:\/\/connectaoeste.com.br\/wp-content\/uploads\/2023\/11\/cropped-cropped-SITE-ID-001-10-300x32.png 300w, https:\/\/connectaoeste.com.br\/wp-content\/uploads\/2023\/11\/cropped-cropped-SITE-ID-001-10-768x82.png 768w, https:\/\/connectaoeste.com.br\/wp-content\/uploads\/2023\/11\/cropped-cropped-SITE-ID-001-10-1536x164.png 1536w, https:\/\/connectaoeste.com.br\/wp-content\/uploads\/2023\/11\/cropped-cropped-SITE-ID-001-10-2048x218.png 2048w\" sizes=\"auto, (max-width: 1024px) 100vw, 1024px\" \/><\/figure>\n\n\n\n<p>Ap\u00f3s o impacto, a carreta ficou atravessada na pista, causando interdi\u00e7\u00e3o do fluxo. Em seguida, outros dois ve\u00edculos se envolveram na batida.<\/p>\n\n\n\n<figure class=\"wp-block-image size-full\"><img loading=\"lazy\" decoding=\"async\" width=\"600\" height=\"450\" src=\"http:\/\/connectaoeste.com.br\/wp-content\/uploads\/2023\/12\/imagem-do-whatsapp-de-2023-12-05-a-s-22.22.15-6351fdb9.webp\" alt=\"\" class=\"wp-image-229\" srcset=\"https:\/\/connectaoeste.com.br\/wp-content\/uploads\/2023\/12\/imagem-do-whatsapp-de-2023-12-05-a-s-22.22.15-6351fdb9.webp 600w, https:\/\/connectaoeste.com.br\/wp-content\/uploads\/2023\/12\/imagem-do-whatsapp-de-2023-12-05-a-s-22.22.15-6351fdb9-300x225.webp 300w, https:\/\/connectaoeste.com.br\/wp-content\/uploads\/2023\/12\/imagem-do-whatsapp-de-2023-12-05-a-s-22.22.15-6351fdb9-200x150.webp 200w\" sizes=\"auto, (max-width: 600px) 100vw, 600px\" \/><\/figure>\n\n\n\n<figure class=\"wp-block-image size-full\"><img loading=\"lazy\" decoding=\"async\" width=\"600\" height=\"450\" src=\"http:\/\/connectaoeste.com.br\/wp-content\/uploads\/2023\/12\/imagem-do-whatsapp-de-2023-12-05-a-s-22.22.15-982ad0f3.webp\" alt=\"\" class=\"wp-image-228\" srcset=\"https:\/\/connectaoeste.com.br\/wp-content\/uploads\/2023\/12\/imagem-do-whatsapp-de-2023-12-05-a-s-22.22.15-982ad0f3.webp 600w, https:\/\/connectaoeste.com.br\/wp-content\/uploads\/2023\/12\/imagem-do-whatsapp-de-2023-12-05-a-s-22.22.15-982ad0f3-300x225.webp 300w, https:\/\/connectaoeste.com.br\/wp-content\/uploads\/2023\/12\/imagem-do-whatsapp-de-2023-12-05-a-s-22.22.15-982ad0f3-200x150.webp 200w\" sizes=\"auto, (max-width: 600px) 100vw, 600px\" \/><\/figure>\n\n\n\n<p>Foto: Reprodu\u00e7\u00e3o<\/p>\n\n\n\n<p>A PRF informou que, ao todo, o acidente deixou cinco pessoas feridas:<\/p>\n\n\n\n<ul class=\"wp-block-list\">\n<li>Z\u00e9 Neto, que estava em uma Trailblazer;<\/li>\n\n\n\n<li>Uma mulher e uma crian\u00e7a, que estavam em um Fox;<\/li>\n\n\n\n<li>Um homem e uma mulher, que estavam em um Creta.<\/li>\n<\/ul>\n\n\n\n<p>Ainda segundo a pol\u00edcia, a mulher que estava no Fox ficou gravemente ferida. As outras v\u00edtimas sofreram ferimentos leves.<\/p>\n\n\n\n<p>As causas do acidente s\u00e3o investigadas.<\/p>\n\n\n\n<p><strong>Por g1 Rio Preto e Ara\u00e7atuba<\/strong><\/p>\n","protected":false},"excerpt":{"rendered":"<p>Z\u00e9 Neto sofre acidente em Minas \u2014 Foto: Reprodu\u00e7\u00e3o O cantor\u00a0Z\u00e9 Neto, da dupla\u00a0Z\u00e9 Neto e Cristiano, sofreu um acidente na noite desta ter\u00e7a-feira (5) na BR-153, em\u00a0Fronteira (MG). Segundo a pol\u00edcia, o carro em que ele estava capotou ap\u00f3s uma colis\u00e3o. Ele foi encaminhado para o Hospital de Base de\u00a0S\u00e3o Jos\u00e9 do Rio Preto [&hellip;]<\/p>\n","protected":false},"author":1,"featured_media":230,"comment_status":"open","ping_status":"open","sticky":false,"template":"","format":"standard","meta":{"footnotes":""},"categories":[8,5],"tags":[17],"class_list":["post-227","post","type-post","status-publish","format-standard","has-post-thumbnail","hentry","category-brasil","category-noticias","tag-brasil"],"_links":{"self":[{"href":"https:\/\/connectaoeste.com.br\/index.php\/wp-json\/wp\/v2\/posts\/227","targetHints":{"allow":["GET"]}}],"collection":[{"href":"https:\/\/connectaoeste.com.br\/index.php\/wp-json\/wp\/v2\/posts"}],"about":[{"href":"https:\/\/connectaoeste.com.br\/index.php\/wp-json\/wp\/v2\/types\/post"}],"author":[{"embeddable":true,"href":"https:\/\/connectaoeste.com.br\/index.php\/wp-json\/wp\/v2\/users\/1"}],"replies":[{"embeddable":true,"href":"https:\/\/connectaoeste.com.br\/index.php\/wp-json\/wp\/v2\/comments?post=227"}],"version-history":[{"count":1,"href":"https:\/\/connectaoeste.com.br\/index.php\/wp-json\/wp\/v2\/posts\/227\/revisions"}],"predecessor-version":[{"id":231,"href":"https:\/\/connectaoeste.com.br\/index.php\/wp-json\/wp\/v2\/posts\/227\/revisions\/231"}],"wp:featuredmedia":[{"embeddable":true,"href":"https:\/\/connectaoeste.com.br\/index.php\/wp-json\/wp\/v2\/media\/230"}],"wp:attachment":[{"href":"https:\/\/connectaoeste.com.br\/index.php\/wp-json\/wp\/v2\/media?parent=227"}],"wp:term":[{"taxonomy":"category","embeddable":true,"href":"https:\/\/connectaoeste.com.br\/index.php\/wp-json\/wp\/v2\/categories?post=227"},{"taxonomy":"post_tag","embeddable":true,"href":"https:\/\/connectaoeste.com.br\/index.php\/wp-json\/wp\/v2\/tags?post=227"}],"curies":[{"name":"wp","href":"https:\/\/api.w.org\/{rel}","templated":true}]}}