{"id":2284,"date":"2025-11-23T11:16:23","date_gmt":"2025-11-23T14:16:23","guid":{"rendered":"https:\/\/connectaoeste.com.br\/?p=2284"},"modified":"2025-11-23T11:16:23","modified_gmt":"2025-11-23T14:16:23","slug":"prisao-de-bolsonaro-violacao-da-tornozeleira-e-suspeita-de-fuga-levam-stf-a-decretar-preventiva","status":"publish","type":"post","link":"https:\/\/connectaoeste.com.br\/index.php\/2025\/11\/23\/prisao-de-bolsonaro-violacao-da-tornozeleira-e-suspeita-de-fuga-levam-stf-a-decretar-preventiva\/","title":{"rendered":"Pris\u00e3o de Bolsonaro: viola\u00e7\u00e3o da tornozeleira e suspeita de fuga levam STF a decretar preventiva."},"content":{"rendered":"<p><!--StartFragment --><\/p>\n<p>Jair Bolsonaro foi preso preventivamente em Bras\u00edlia no s\u00e1bado, 22 de novembro de 2025, por ordem do ministro Alexandre de Moraes, do Supremo Tribunal Federal (STF), ap\u00f3s violar a tornozeleira eletr\u00f4nica e levantar suspeitas de tentativa de fuga. A pris\u00e3o do ex-presidente Jair Bolsonaro marca um dos momentos mais delicados da pol\u00edtica brasileira recente. Aos 70 anos, Bolsonaro vinha cumprindo pris\u00e3o domiciliar em seu condom\u00ednio no Jardim Bot\u00e2nico, em Bras\u00edlia, quando a Pol\u00edcia Federal solicitou ao STF a convers\u00e3o da medida em pris\u00e3o preventiva. O pedido foi feito na noite de sexta-feira, 21 de novembro, ap\u00f3s o senador Fl\u00e1vio Bolsonaro convocar uma vig\u00edlia em frente \u00e0 resid\u00eancia do pai, o que foi interpretado como tentativa de mobiliza\u00e7\u00e3o pol\u00edtica e obstru\u00e7\u00e3o da Justi\u00e7a. Poucas horas depois, o sistema de monitoramento eletr\u00f4nico registrou que Bolsonaro tentou violar sua tornozeleira, refor\u00e7ando o argumento de risco de fuga.<\/p>\n<p><a href=\"https:\/\/www.instagram.com\/edmarcostabr\/\"><img loading=\"lazy\" decoding=\"async\" class=\"wp-image-1913 aligncenter\" src=\"http:\/\/connectaoeste.com.br\/wp-content\/uploads\/2025\/08\/dgdgdg-300x58.png\" alt=\"\" width=\"683\" height=\"132\" srcset=\"https:\/\/connectaoeste.com.br\/wp-content\/uploads\/2025\/08\/dgdgdg-300x58.png 300w, https:\/\/connectaoeste.com.br\/wp-content\/uploads\/2025\/08\/dgdgdg-1024x199.png 1024w, https:\/\/connectaoeste.com.br\/wp-content\/uploads\/2025\/08\/dgdgdg-768x150.png 768w, https:\/\/connectaoeste.com.br\/wp-content\/uploads\/2025\/08\/dgdgdg-1536x299.png 1536w, https:\/\/connectaoeste.com.br\/wp-content\/uploads\/2025\/08\/dgdgdg-2048x399.png 2048w, https:\/\/connectaoeste.com.br\/wp-content\/uploads\/2025\/08\/dgdgdg-200x39.png 200w\" sizes=\"auto, (max-width: 683px) 100vw, 683px\" \/><\/a><\/p>\n<p>O ministro Alexandre de Moraes, relator do caso, acatou o pedido da Pol\u00edcia Federal e determinou a pris\u00e3o preventiva, destacando que a medida era necess\u00e1ria para garantir a ordem p\u00fablica e evitar novas tentativas de descumprimento das restri\u00e7\u00f5es impostas. Bolsonaro foi levado na manh\u00e3 de s\u00e1bado para a Superintend\u00eancia da Pol\u00edcia Federal no Distrito Federal, onde permanece em uma sala especial, aguardando decis\u00e3o definitiva do STF, prevista para ser referendada em sess\u00e3o na segunda-feira, 24 de novembro. A repercuss\u00e3o foi imediata. Vizinhos do condom\u00ednio chegaram a comemorar a pris\u00e3o com churrasco e fogos de artif\u00edcio, enquanto apoiadores do ex-presidente denunciaram persegui\u00e7\u00e3o pol\u00edtica. Jair Renan Bolsonaro, filho mais novo, saiu em defesa da fam\u00edlia, afirmando que n\u00e3o houve enriquecimento il\u00edcito e que o pai estaria sendo alvo de injusti\u00e7a. J\u00e1 Michelle Bolsonaro, ex-primeira-dama, recebeu autoriza\u00e7\u00e3o para visitar o marido, mas Moraes exigiu detalhamento dos nomes dos filhos antes de permitir encontros familiares.<\/p>\n<p>Outro fator que pesou na decis\u00e3o judicial foram as a\u00e7\u00f5es dos pr\u00f3prios filhos de Bolsonaro nos \u00faltimos meses. Convoca\u00e7\u00f5es de atos p\u00fablicos, declara\u00e7\u00f5es nas redes sociais e at\u00e9 a fuga de aliados para os Estados Unidos foram interpretadas como tentativas de obstru\u00e7\u00e3o de justi\u00e7a. Esses epis\u00f3dios, somados \u00e0 viola\u00e7\u00e3o da tornozeleira, consolidaram o entendimento de que a pris\u00e3o preventiva era inevit\u00e1vel. O caso abre uma nova fase na trajet\u00f3ria pol\u00edtica de Bolsonaro. Al\u00e9m de enfrentar processos judiciais, ele v\u00ea seu capital pol\u00edtico fragilizado, enquanto o STF refor\u00e7a sua posi\u00e7\u00e3o de guardi\u00e3o da ordem institucional. A defesa, por sua vez, classificou a decis\u00e3o como \u201cprofunda perplexidade\u201d e promete recorrer, alegando que n\u00e3o houve inten\u00e7\u00e3o de fuga e que a pris\u00e3o seria desproporcional.<\/p>\n<p>Em resumo, a pris\u00e3o de Jair Bolsonaro resulta da combina\u00e7\u00e3o de fatores: <strong>viola\u00e7\u00e3o da tornozeleira eletr\u00f4nica, risco de fuga, mobiliza\u00e7\u00e3o pol\u00edtica considerada obstru\u00e7\u00e3o de justi\u00e7a e a\u00e7\u00f5es de familiares que agravaram sua situa\u00e7\u00e3o jur\u00eddica<\/strong>. O epis\u00f3dio n\u00e3o apenas intensifica a crise pol\u00edtica em torno do ex-presidente, mas tamb\u00e9m sinaliza um momento de tens\u00e3o entre institui\u00e7\u00f5es e apoiadores, com desdobramentos que ainda est\u00e3o por vir.<\/p>\n<p style=\"text-align: center;\"><strong><img decoding=\"async\" class=\"emoji aligncenter\" role=\"img\" draggable=\"false\" src=\"https:\/\/s.w.org\/images\/core\/emoji\/16.0.1\/svg\/1f4e1.svg\" alt=\"\ud83d\udce1\" \/>\u00a0Connecta Oeste \u2014 conectando voc\u00ea \u00e0 informa\u00e7\u00e3o de qualidade!<\/strong><\/p>\n<p>&nbsp;<\/p>\n<p>&nbsp;<\/p>\n<p><!--EndFragment --><\/p>\n","protected":false},"excerpt":{"rendered":"<p>Jair Bolsonaro foi preso preventivamente em Bras\u00edlia no s\u00e1bado, 22 de novembro de 2025, por ordem do ministro Alexandre de Moraes, do Supremo Tribunal Federal (STF), ap\u00f3s violar a tornozeleira eletr\u00f4nica e levantar suspeitas de tentativa de fuga. A pris\u00e3o do ex-presidente Jair Bolsonaro marca um dos momentos mais delicados da pol\u00edtica brasileira recente. Aos [&hellip;]<\/p>\n","protected":false},"author":1,"featured_media":2285,"comment_status":"open","ping_status":"open","sticky":false,"template":"","format":"standard","meta":{"footnotes":""},"categories":[8,76,9,5,1],"tags":[],"class_list":["post-2284","post","type-post","status-publish","format-standard","has-post-thumbnail","hentry","category-brasil","category-df","category-mundo","category-noticias","category-politica"],"_links":{"self":[{"href":"https:\/\/connectaoeste.com.br\/index.php\/wp-json\/wp\/v2\/posts\/2284","targetHints":{"allow":["GET"]}}],"collection":[{"href":"https:\/\/connectaoeste.com.br\/index.php\/wp-json\/wp\/v2\/posts"}],"about":[{"href":"https:\/\/connectaoeste.com.br\/index.php\/wp-json\/wp\/v2\/types\/post"}],"author":[{"embeddable":true,"href":"https:\/\/connectaoeste.com.br\/index.php\/wp-json\/wp\/v2\/users\/1"}],"replies":[{"embeddable":true,"href":"https:\/\/connectaoeste.com.br\/index.php\/wp-json\/wp\/v2\/comments?post=2284"}],"version-history":[{"count":1,"href":"https:\/\/connectaoeste.com.br\/index.php\/wp-json\/wp\/v2\/posts\/2284\/revisions"}],"predecessor-version":[{"id":2286,"href":"https:\/\/connectaoeste.com.br\/index.php\/wp-json\/wp\/v2\/posts\/2284\/revisions\/2286"}],"wp:featuredmedia":[{"embeddable":true,"href":"https:\/\/connectaoeste.com.br\/index.php\/wp-json\/wp\/v2\/media\/2285"}],"wp:attachment":[{"href":"https:\/\/connectaoeste.com.br\/index.php\/wp-json\/wp\/v2\/media?parent=2284"}],"wp:term":[{"taxonomy":"category","embeddable":true,"href":"https:\/\/connectaoeste.com.br\/index.php\/wp-json\/wp\/v2\/categories?post=2284"},{"taxonomy":"post_tag","embeddable":true,"href":"https:\/\/connectaoeste.com.br\/index.php\/wp-json\/wp\/v2\/tags?post=2284"}],"curies":[{"name":"wp","href":"https:\/\/api.w.org\/{rel}","templated":true}]}}