{"id":2296,"date":"2025-11-24T21:44:01","date_gmt":"2025-11-25T00:44:01","guid":{"rendered":"https:\/\/connectaoeste.com.br\/?p=2296"},"modified":"2025-11-24T21:44:01","modified_gmt":"2025-11-25T00:44:01","slug":"gas-do-povo-inicia-recarga-gratuita-de-botijoes","status":"publish","type":"post","link":"https:\/\/connectaoeste.com.br\/index.php\/2025\/11\/24\/gas-do-povo-inicia-recarga-gratuita-de-botijoes\/","title":{"rendered":"G\u00e1s do Povo inicia recarga gratuita de botij\u00f5es."},"content":{"rendered":"<p><!--StartFragment --><\/p>\n<p>O governo federal lan\u00e7ou nesta segunda-feira (24) o <strong>programa G\u00e1s do Povo<\/strong>, que garante <strong>recarga gratuita de botij\u00f5es de g\u00e1s de cozinha (GLP de 13 kg)<\/strong> para fam\u00edlias em situa\u00e7\u00e3o de vulnerabilidade social. A a\u00e7\u00e3o \u00e9 operacionalizada pela <strong>Caixa Econ\u00f4mica Federal<\/strong>, respons\u00e1vel pela distribui\u00e7\u00e3o dos vales e pela valida\u00e7\u00e3o eletr\u00f4nica no ato da recarga.<\/p>\n<p><a href=\"https:\/\/www.instagram.com\/connectaoeste\/\"><img loading=\"lazy\" decoding=\"async\" class=\"wp-image-2292 aligncenter\" src=\"http:\/\/connectaoeste.com.br\/wp-content\/uploads\/2025\/11\/connecta-oeste-300x56.png\" alt=\"\" width=\"852\" height=\"159\" srcset=\"https:\/\/connectaoeste.com.br\/wp-content\/uploads\/2025\/11\/connecta-oeste-300x56.png 300w, https:\/\/connectaoeste.com.br\/wp-content\/uploads\/2025\/11\/connecta-oeste-1024x191.png 1024w, https:\/\/connectaoeste.com.br\/wp-content\/uploads\/2025\/11\/connecta-oeste-768x143.png 768w, https:\/\/connectaoeste.com.br\/wp-content\/uploads\/2025\/11\/connecta-oeste-1536x286.png 1536w, https:\/\/connectaoeste.com.br\/wp-content\/uploads\/2025\/11\/connecta-oeste-2048x381.png 2048w, https:\/\/connectaoeste.com.br\/wp-content\/uploads\/2025\/11\/connecta-oeste-200x37.png 200w\" sizes=\"auto, (max-width: 852px) 100vw, 852px\" \/><\/a><\/p>\n<p>Nesta etapa inicial, o programa contempla <strong>dez capitais brasileiras<\/strong>, abrangendo todas as regi\u00f5es do pa\u00eds:<\/p>\n<ul>\n<li>Salvador (BA)<\/li>\n<li>Fortaleza (CE)<\/li>\n<li>Goi\u00e2nia (GO)<\/li>\n<li>Belo Horizonte (MG)<\/li>\n<li>Bel\u00e9m (PA)<\/li>\n<li>Recife (PE)<\/li>\n<li>Teresina (PI)<\/li>\n<li>Natal (RN)<\/li>\n<li>Porto Alegre (RS)<\/li>\n<li>S\u00e3o Paulo (SP)<\/li>\n<\/ul>\n<p>O benef\u00edcio \u00e9 destinado a fam\u00edlias inscritas no <strong>Cadastro \u00danico (Cad\u00danico)<\/strong> com renda de at\u00e9 <strong>meio sal\u00e1rio m\u00ednimo (R$ 759)<\/strong>. A prioridade \u00e9 para benefici\u00e1rios do <strong>Bolsa Fam\u00edlia<\/strong>, cuja renda per capita n\u00e3o ultrapasse <strong>R$ 218<\/strong>, desde que o cadastro esteja atualizado nos \u00faltimos 24 meses.<\/p>\n<ul>\n<li>As fam\u00edlias contempladas recebem um <strong>vale-carga eletr\u00f4nico<\/strong>.<\/li>\n<li>A retirada \u00e9 feita diretamente em <strong>revendas credenciadas<\/strong>, sem intermedi\u00e1rios.<\/li>\n<li>A valida\u00e7\u00e3o ocorre no momento da recarga, garantindo transpar\u00eancia e agilidade.<\/li>\n<\/ul>\n<p>O governo prev\u00ea que at\u00e9 <strong>mar\u00e7o de 2026<\/strong> o programa alcance <strong>mais de 15 milh\u00f5es de fam\u00edlias<\/strong> em todo o pa\u00eds, ampliando o acesso ao g\u00e1s de cozinha e reduzindo o impacto no or\u00e7amento dom\u00e9stico. O G\u00e1s do Povo surge como uma medida de <strong>seguran\u00e7a energ\u00e9tica e inclus\u00e3o social<\/strong>, aliviando o peso do g\u00e1s de cozinha no or\u00e7amento das fam\u00edlias mais vulner\u00e1veis. Para muitas delas, o custo do botij\u00e3o representa uma parcela significativa da renda mensal. Com a gratuidade, o programa promete <strong>melhorar a qualidade de vida<\/strong> e garantir dignidade no preparo dos alimentos.<\/p>\n<p>Em resumo: o <strong>G\u00e1s do Povo<\/strong> j\u00e1 est\u00e1 em vigor em dez capitais, oferecendo recarga gratuita de botij\u00f5es para fam\u00edlias de baixa renda. A expectativa \u00e9 que milh\u00f5es de brasileiros sejam beneficiados nos pr\u00f3ximos meses, tornando o acesso ao g\u00e1s de cozinha mais justo e acess\u00edvel.<\/p>\n<p style=\"text-align: center;\"><strong><img decoding=\"async\" class=\"emoji aligncenter\" role=\"img\" draggable=\"false\" src=\"https:\/\/s.w.org\/images\/core\/emoji\/16.0.1\/svg\/1f4e1.svg\" alt=\"\ud83d\udce1\" \/>\u00a0Connecta Oeste \u2014 conectando voc\u00ea \u00e0 informa\u00e7\u00e3o de qualidade!<\/strong><\/p>\n<p>&nbsp;<\/p>\n<p><!--EndFragment --><\/p>\n","protected":false},"excerpt":{"rendered":"<p>O governo federal lan\u00e7ou nesta segunda-feira (24) o programa G\u00e1s do Povo, que garante recarga gratuita de botij\u00f5es de g\u00e1s de cozinha (GLP de 13 kg) para fam\u00edlias em situa\u00e7\u00e3o de vulnerabilidade social. A a\u00e7\u00e3o \u00e9 operacionalizada pela Caixa Econ\u00f4mica Federal, respons\u00e1vel pela distribui\u00e7\u00e3o dos vales e pela valida\u00e7\u00e3o eletr\u00f4nica no ato da recarga. Nesta [&hellip;]<\/p>\n","protected":false},"author":1,"featured_media":2297,"comment_status":"open","ping_status":"open","sticky":false,"template":"","format":"standard","meta":{"footnotes":""},"categories":[82,7,8,80,9,5,1],"tags":[],"class_list":["post-2296","post","type-post","status-publish","format-standard","has-post-thumbnail","hentry","category-aumento","category-bahia","category-brasil","category-gratuita","category-mundo","category-noticias","category-politica"],"_links":{"self":[{"href":"https:\/\/connectaoeste.com.br\/index.php\/wp-json\/wp\/v2\/posts\/2296","targetHints":{"allow":["GET"]}}],"collection":[{"href":"https:\/\/connectaoeste.com.br\/index.php\/wp-json\/wp\/v2\/posts"}],"about":[{"href":"https:\/\/connectaoeste.com.br\/index.php\/wp-json\/wp\/v2\/types\/post"}],"author":[{"embeddable":true,"href":"https:\/\/connectaoeste.com.br\/index.php\/wp-json\/wp\/v2\/users\/1"}],"replies":[{"embeddable":true,"href":"https:\/\/connectaoeste.com.br\/index.php\/wp-json\/wp\/v2\/comments?post=2296"}],"version-history":[{"count":1,"href":"https:\/\/connectaoeste.com.br\/index.php\/wp-json\/wp\/v2\/posts\/2296\/revisions"}],"predecessor-version":[{"id":2298,"href":"https:\/\/connectaoeste.com.br\/index.php\/wp-json\/wp\/v2\/posts\/2296\/revisions\/2298"}],"wp:featuredmedia":[{"embeddable":true,"href":"https:\/\/connectaoeste.com.br\/index.php\/wp-json\/wp\/v2\/media\/2297"}],"wp:attachment":[{"href":"https:\/\/connectaoeste.com.br\/index.php\/wp-json\/wp\/v2\/media?parent=2296"}],"wp:term":[{"taxonomy":"category","embeddable":true,"href":"https:\/\/connectaoeste.com.br\/index.php\/wp-json\/wp\/v2\/categories?post=2296"},{"taxonomy":"post_tag","embeddable":true,"href":"https:\/\/connectaoeste.com.br\/index.php\/wp-json\/wp\/v2\/tags?post=2296"}],"curies":[{"name":"wp","href":"https:\/\/api.w.org\/{rel}","templated":true}]}}