{"id":2327,"date":"2025-11-28T15:56:04","date_gmt":"2025-11-28T18:56:04","guid":{"rendered":"https:\/\/connectaoeste.com.br\/?p=2327"},"modified":"2025-11-28T15:56:04","modified_gmt":"2025-11-28T18:56:04","slug":"flamengo-e-palmeiras-fazem-final-historica-da-libertadores-2025","status":"publish","type":"post","link":"https:\/\/connectaoeste.com.br\/index.php\/2025\/11\/28\/flamengo-e-palmeiras-fazem-final-historica-da-libertadores-2025\/","title":{"rendered":"Flamengo e Palmeiras fazem final hist\u00f3rica da Libertadores 2025."},"content":{"rendered":"<p><!--StartFragment --><\/p>\n<p>O futebol brasileiro viver\u00e1 neste s\u00e1bado, 29 de novembro, um dos cap\u00edtulos mais marcantes de sua hist\u00f3ria. Flamengo e Palmeiras se enfrentam no Est\u00e1dio Monumental de Lima, no Peru, pela grande final da Copa Libertadores da Am\u00e9rica. O duelo coloca frente a frente dois tricampe\u00f5es que buscam se tornar o <strong>primeiro clube brasileiro tetracampe\u00e3o da competi\u00e7\u00e3o<\/strong>.<\/p>\n<ul>\n<li>O <strong>Palmeiras<\/strong> chega embalado ap\u00f3s uma vit\u00f3ria contundente sobre a LDU nas semifinais, mostrando for\u00e7a coletiva e solidez defensiva.<\/li>\n<li>O <strong>Flamengo<\/strong>, por sua vez, superou o Racing em um confronto equilibrado, contando com a inspira\u00e7\u00e3o de seus principais jogadores para garantir a vaga.<\/li>\n<\/ul>\n<p>Nos \u00faltimos anos, Flamengo e Palmeiras t\u00eam protagonizado uma das maiores rivalidades do continente. Enquanto o time paulista aposta na disciplina t\u00e1tica e na efici\u00eancia de nomes como <strong>Raphael Veiga<\/strong>, o rubro-negro confia na criatividade e intensidade ofensiva de craques como <strong>Arrascaeta<\/strong> e <strong>Gabigol<\/strong>.<\/p>\n<p><a href=\"https:\/\/www.instagram.com\/connectaoeste\/\"><img loading=\"lazy\" decoding=\"async\" class=\"wp-image-2292 aligncenter\" src=\"http:\/\/connectaoeste.com.br\/wp-content\/uploads\/2025\/11\/connecta-oeste-300x56.png\" alt=\"\" width=\"680\" height=\"127\" srcset=\"https:\/\/connectaoeste.com.br\/wp-content\/uploads\/2025\/11\/connecta-oeste-300x56.png 300w, https:\/\/connectaoeste.com.br\/wp-content\/uploads\/2025\/11\/connecta-oeste-1024x191.png 1024w, https:\/\/connectaoeste.com.br\/wp-content\/uploads\/2025\/11\/connecta-oeste-768x143.png 768w, https:\/\/connectaoeste.com.br\/wp-content\/uploads\/2025\/11\/connecta-oeste-1536x286.png 1536w, https:\/\/connectaoeste.com.br\/wp-content\/uploads\/2025\/11\/connecta-oeste-2048x381.png 2048w, https:\/\/connectaoeste.com.br\/wp-content\/uploads\/2025\/11\/connecta-oeste-200x37.png 200w\" sizes=\"auto, (max-width: 680px) 100vw, 680px\" \/><\/a><\/p>\n<p>A atmosfera \u00e9 de tens\u00e3o e expectativa: al\u00e9m da gl\u00f3ria eterna, o t\u00edtulo dar\u00e1 ao vencedor a chance de escrever seu nome como maior campe\u00e3o brasileiro da Libertadores.<\/p>\n<ul>\n<li><strong>T\u00edtulo continental:<\/strong> consagra\u00e7\u00e3o de um tetracampe\u00e3o in\u00e9dito no Brasil.<\/li>\n<li><strong>Legado hist\u00f3rico:<\/strong> refor\u00e7o da rivalidade que j\u00e1 marcou finais nacionais e internacionais.<\/li>\n<li><strong>Torcida apaixonada:<\/strong> milhares de brasileiros viajaram a Lima para acompanhar o espet\u00e1culo.<\/li>\n<\/ul>\n<p>Mais do que uma final, Flamengo x Palmeiras \u00e9 um encontro de estilos, hist\u00f3rias e paix\u00f5es. O Monumental de Lima ser\u00e1 palco de um jogo que promete emo\u00e7\u00e3o at\u00e9 o \u00faltimo minuto e que certamente entrar\u00e1 para os livros como um dos maiores da hist\u00f3ria da Libertadores.<\/p>\n<p style=\"text-align: center;\"><strong><img decoding=\"async\" class=\"emoji aligncenter\" role=\"img\" draggable=\"false\" src=\"https:\/\/s.w.org\/images\/core\/emoji\/16.0.1\/svg\/1f4e1.svg\" alt=\"\ud83d\udce1\" \/>\u00a0Connecta Oeste \u2014 conectando voc\u00ea \u00e0 informa\u00e7\u00e3o de qualidade!<\/strong><\/p>\n<p><!--EndFragment --><\/p>\n","protected":false},"excerpt":{"rendered":"<p>O futebol brasileiro viver\u00e1 neste s\u00e1bado, 29 de novembro, um dos cap\u00edtulos mais marcantes de sua hist\u00f3ria. Flamengo e Palmeiras se enfrentam no Est\u00e1dio Monumental de Lima, no Peru, pela grande final da Copa Libertadores da Am\u00e9rica. O duelo coloca frente a frente dois tricampe\u00f5es que buscam se tornar o primeiro clube brasileiro tetracampe\u00e3o da [&hellip;]<\/p>\n","protected":false},"author":1,"featured_media":2329,"comment_status":"open","ping_status":"open","sticky":false,"template":"","format":"standard","meta":{"footnotes":""},"categories":[8,6,62,63,5],"tags":[],"class_list":["post-2327","post","type-post","status-publish","format-standard","has-post-thumbnail","hentry","category-brasil","category-esportes","category-evento","category-festa","category-noticias"],"_links":{"self":[{"href":"https:\/\/connectaoeste.com.br\/index.php\/wp-json\/wp\/v2\/posts\/2327","targetHints":{"allow":["GET"]}}],"collection":[{"href":"https:\/\/connectaoeste.com.br\/index.php\/wp-json\/wp\/v2\/posts"}],"about":[{"href":"https:\/\/connectaoeste.com.br\/index.php\/wp-json\/wp\/v2\/types\/post"}],"author":[{"embeddable":true,"href":"https:\/\/connectaoeste.com.br\/index.php\/wp-json\/wp\/v2\/users\/1"}],"replies":[{"embeddable":true,"href":"https:\/\/connectaoeste.com.br\/index.php\/wp-json\/wp\/v2\/comments?post=2327"}],"version-history":[{"count":1,"href":"https:\/\/connectaoeste.com.br\/index.php\/wp-json\/wp\/v2\/posts\/2327\/revisions"}],"predecessor-version":[{"id":2330,"href":"https:\/\/connectaoeste.com.br\/index.php\/wp-json\/wp\/v2\/posts\/2327\/revisions\/2330"}],"wp:featuredmedia":[{"embeddable":true,"href":"https:\/\/connectaoeste.com.br\/index.php\/wp-json\/wp\/v2\/media\/2329"}],"wp:attachment":[{"href":"https:\/\/connectaoeste.com.br\/index.php\/wp-json\/wp\/v2\/media?parent=2327"}],"wp:term":[{"taxonomy":"category","embeddable":true,"href":"https:\/\/connectaoeste.com.br\/index.php\/wp-json\/wp\/v2\/categories?post=2327"},{"taxonomy":"post_tag","embeddable":true,"href":"https:\/\/connectaoeste.com.br\/index.php\/wp-json\/wp\/v2\/tags?post=2327"}],"curies":[{"name":"wp","href":"https:\/\/api.w.org\/{rel}","templated":true}]}}