{"id":2339,"date":"2025-12-01T12:37:58","date_gmt":"2025-12-01T15:37:58","guid":{"rendered":"https:\/\/connectaoeste.com.br\/?p=2339"},"modified":"2025-12-01T12:37:58","modified_gmt":"2025-12-01T15:37:58","slug":"quem-era-o-jovem-morto-por-leoa-em-joao-pessoa","status":"publish","type":"post","link":"https:\/\/connectaoeste.com.br\/index.php\/2025\/12\/01\/quem-era-o-jovem-morto-por-leoa-em-joao-pessoa\/","title":{"rendered":"Quem era o jovem morto por leoa em Jo\u00e3o Pessoa."},"content":{"rendered":"<p><!--StartFragment --><\/p>\n<p>No \u00faltimo domingo, um epis\u00f3dio tr\u00e1gico marcou o <strong>Parque Zoobot\u00e2nico Arruda C\u00e2mara<\/strong>, conhecido como Bica, em Jo\u00e3o Pessoa (PB). O jovem <strong>Gerson de Melo Machado<\/strong>, de 19 anos, morreu ap\u00f3s invadir o recinto da leoa Leona, de 18 anos. O caso gerou como\u00e7\u00e3o e trouxe \u00e0 tona a hist\u00f3ria de vida de um rapaz marcado por abandono, pobreza e sonhos improv\u00e1veis.<\/p>\n<ul>\n<li>Gerson foi abandonado pelos pais ainda crian\u00e7a e cresceu em condi\u00e7\u00f5es de extrema vulnerabilidade.<\/li>\n<li>Desde cedo, manifestava o desejo de \u201cdomar le\u00f5es\u201d e viajar para a \u00c1frica, um sonho que repetia constantemente.<\/li>\n<li>Aos 10 anos, foi encontrado sozinho em uma rodovia pela Pol\u00edcia Rodovi\u00e1ria Federal e passou oito anos sob acompanhamento do Conselho Tutelar.<\/li>\n<li>Segundo relatos, apresentava transtornos mentais e n\u00e3o recebeu o tratamento adequado.<\/li>\n<\/ul>\n<p>Apesar dos sonhos, acumulava mais de dez passagens pela pol\u00edcia, incluindo pris\u00f5es recentes por vandalismo e desacato. Sua trajet\u00f3ria refletia a exclus\u00e3o social e a falta de apoio institucional.<\/p>\n<h4><a href=\"https:\/\/www.instagram.com\/connectaoeste\/\"><img loading=\"lazy\" decoding=\"async\" class=\"wp-image-2292 aligncenter\" src=\"http:\/\/connectaoeste.com.br\/wp-content\/uploads\/2025\/11\/connecta-oeste-300x56.png\" alt=\"\" width=\"680\" height=\"127\" srcset=\"https:\/\/connectaoeste.com.br\/wp-content\/uploads\/2025\/11\/connecta-oeste-300x56.png 300w, https:\/\/connectaoeste.com.br\/wp-content\/uploads\/2025\/11\/connecta-oeste-1024x191.png 1024w, https:\/\/connectaoeste.com.br\/wp-content\/uploads\/2025\/11\/connecta-oeste-768x143.png 768w, https:\/\/connectaoeste.com.br\/wp-content\/uploads\/2025\/11\/connecta-oeste-1536x286.png 1536w, https:\/\/connectaoeste.com.br\/wp-content\/uploads\/2025\/11\/connecta-oeste-2048x381.png 2048w, https:\/\/connectaoeste.com.br\/wp-content\/uploads\/2025\/11\/connecta-oeste-200x37.png 200w\" sizes=\"auto, (max-width: 680px) 100vw, 680px\" \/><\/a><\/h4>\n<ul>\n<li>No domingo, Gerson escalou uma parede de mais de seis metros, ultrapassou as grades de seguran\u00e7a e entrou no recinto da leoa.<\/li>\n<li>O ataque foi imediato e resultou em sua morte ainda no local.<\/li>\n<li>A Prefeitura de Jo\u00e3o Pessoa informou que o zool\u00f3gico permanecer\u00e1 fechado para investiga\u00e7\u00e3o.<\/li>\n<li>A leoa n\u00e3o ser\u00e1 sacrificada, mas est\u00e1 sob monitoramento.<\/li>\n<\/ul>\n<p>A conselheira tutelar Ver\u00f4nica Oliveira lamentou a morte e destacou que o jovem simboliza a realidade de muitos adolescentes em situa\u00e7\u00e3o de abandono. Para ela, o caso exp\u00f5e a neglig\u00eancia do Estado em oferecer suporte adequado. A morte de Gerson de Melo Machado n\u00e3o \u00e9 apenas uma trag\u00e9dia causada por um ataque animal. \u00c9 tamb\u00e9m um retrato da fragilidade das pol\u00edticas p\u00fablicas de prote\u00e7\u00e3o social. Seu sonho de domar le\u00f5es, embora improv\u00e1vel, revela o desejo de escapar de uma vida marcada pela exclus\u00e3o. O caso segue em investiga\u00e7\u00e3o e reacende o debate sobre seguran\u00e7a em zool\u00f3gicos e responsabilidade do Estado diante de jovens vulner\u00e1veis.<\/p>\n<p style=\"text-align: center;\"><strong><img decoding=\"async\" class=\"emoji aligncenter\" role=\"img\" draggable=\"false\" src=\"https:\/\/s.w.org\/images\/core\/emoji\/16.0.1\/svg\/1f4e1.svg\" alt=\"\ud83d\udce1\" \/>\u00a0Connecta Oeste \u2014 conectando voc\u00ea \u00e0 informa\u00e7\u00e3o de qualidade!<\/strong><\/p>\n<p>&nbsp;<\/p>\n<p><!--EndFragment --><\/p>\n","protected":false},"excerpt":{"rendered":"<p>No \u00faltimo domingo, um epis\u00f3dio tr\u00e1gico marcou o Parque Zoobot\u00e2nico Arruda C\u00e2mara, conhecido como Bica, em Jo\u00e3o Pessoa (PB). O jovem Gerson de Melo Machado, de 19 anos, morreu ap\u00f3s invadir o recinto da leoa Leona, de 18 anos. O caso gerou como\u00e7\u00e3o e trouxe \u00e0 tona a hist\u00f3ria de vida de um rapaz marcado [&hellip;]<\/p>\n","protected":false},"author":1,"featured_media":2340,"comment_status":"open","ping_status":"open","sticky":false,"template":"","format":"standard","meta":{"footnotes":""},"categories":[8,5],"tags":[],"class_list":["post-2339","post","type-post","status-publish","format-standard","has-post-thumbnail","hentry","category-brasil","category-noticias"],"_links":{"self":[{"href":"https:\/\/connectaoeste.com.br\/index.php\/wp-json\/wp\/v2\/posts\/2339","targetHints":{"allow":["GET"]}}],"collection":[{"href":"https:\/\/connectaoeste.com.br\/index.php\/wp-json\/wp\/v2\/posts"}],"about":[{"href":"https:\/\/connectaoeste.com.br\/index.php\/wp-json\/wp\/v2\/types\/post"}],"author":[{"embeddable":true,"href":"https:\/\/connectaoeste.com.br\/index.php\/wp-json\/wp\/v2\/users\/1"}],"replies":[{"embeddable":true,"href":"https:\/\/connectaoeste.com.br\/index.php\/wp-json\/wp\/v2\/comments?post=2339"}],"version-history":[{"count":1,"href":"https:\/\/connectaoeste.com.br\/index.php\/wp-json\/wp\/v2\/posts\/2339\/revisions"}],"predecessor-version":[{"id":2341,"href":"https:\/\/connectaoeste.com.br\/index.php\/wp-json\/wp\/v2\/posts\/2339\/revisions\/2341"}],"wp:featuredmedia":[{"embeddable":true,"href":"https:\/\/connectaoeste.com.br\/index.php\/wp-json\/wp\/v2\/media\/2340"}],"wp:attachment":[{"href":"https:\/\/connectaoeste.com.br\/index.php\/wp-json\/wp\/v2\/media?parent=2339"}],"wp:term":[{"taxonomy":"category","embeddable":true,"href":"https:\/\/connectaoeste.com.br\/index.php\/wp-json\/wp\/v2\/categories?post=2339"},{"taxonomy":"post_tag","embeddable":true,"href":"https:\/\/connectaoeste.com.br\/index.php\/wp-json\/wp\/v2\/tags?post=2339"}],"curies":[{"name":"wp","href":"https:\/\/api.w.org\/{rel}","templated":true}]}}