{"id":235,"date":"2023-12-10T14:35:40","date_gmt":"2023-12-10T17:35:40","guid":{"rendered":"https:\/\/connectaoeste.com.br\/?p=235"},"modified":"2023-12-10T14:35:42","modified_gmt":"2023-12-10T17:35:42","slug":"df-38-das-criancas-de-ate-6-anos-passam-2-horas-por-dia-no-celular","status":"publish","type":"post","link":"https:\/\/connectaoeste.com.br\/index.php\/2023\/12\/10\/df-38-das-criancas-de-ate-6-anos-passam-2-horas-por-dia-no-celular\/","title":{"rendered":"DF: 38% das crian\u00e7as de at\u00e9 6 anos passam 2 horas por dia no celular"},"content":{"rendered":"\n<p>Imagens Reprodu\u00e7\u00e3o <\/p>\n\n\n\n<p>No Distrito Federal, 38,6% das\u00a0<a href=\"https:\/\/www.metropoles.com\/tag\/criancas\">crian\u00e7as<\/a>\u00a0de at\u00e9 6 anos passam mais de duas horas por dia em atividades que envolvam eletr\u00f4nicos. De acordo com levantamento realizado pelo\u00a0<a href=\"https:\/\/www.ipe.df.gov.br\/\">Instituto de Pesquisa e Estat\u00edstica do DF (IPEDF)<\/a>, a porcentagem aumenta entre aquelas que t\u00eam mais de 6 anos \u2014 chegando a 53,7%.<\/p>\n\n\n\n<p>Recentemente, um estudo feito por cientistas neozelandeses mostrou que o excesso de telas na inf\u00e2ncia pode ter impactos na vida adulta, aumentando o risco de desenvolver s\u00edndrome metab\u00f3lica \u2013 um conjunto de condi\u00e7\u00f5es que aumenta o risco de doen\u00e7a card\u00edaca, Acidente Vascular Cerebral (AVC) e diabetes.<\/p>\n\n\n\n<p>Os pesquisadores conclu\u00edram que, quanto maior o n\u00famero de horas diante da TV na juventude \u2013 independentemente do tempo que costumavam ver televis\u00e3o na idade adulta \u2013, maior o risco de desenvolver s\u00edndrome metab\u00f3lica, avaliada a partir de altera\u00e7\u00f5es na press\u00e3o arterial, na glicemia, nas altas taxas de triglic\u00e9rides, no colesterol e no excesso de circunfer\u00eancia abdominal.<\/p>\n\n\n\n<p>\u201cN\u00e3o existe uma clareza de causa e consequ\u00eancia direta, pois isso pode ter acontecido por quest\u00f5es comportamentais associadas ao h\u00e1bito de ver televis\u00e3o, como sedentarismo, alimenta\u00e7\u00e3o de pior qualidade, exposi\u00e7\u00e3o a mais tempo de propaganda, menos contato com outras crian\u00e7as e exposi\u00e7\u00e3o \u00e0 luz natural\u201d,&nbsp;<a href=\"https:\/\/www.metropoles.com\/saude\/uso-telas-infancia-afeta-vida-adulta\">disse a pediatra Debora Kalman<\/a>, do Hospital Israelita Albert Einstein. \u201cMas estamos aprendendo que existe uma mem\u00f3ria metab\u00f3lica que permanece para a vida adulta\u201d, completou.<\/p>\n\n\n\n<h3 class=\"wp-block-heading\">Recomenda\u00e7\u00e3o da OMS<\/h3>\n\n\n\n<p>Segundo recomenda\u00e7\u00e3o da&nbsp;<a href=\"https:\/\/news.un.org\/pt\/tags\/organizacao-mundial-da-saude\">Organiza\u00e7\u00e3o Mundial da Sa\u00fade (OMS)<\/a>&nbsp;feita em 2019, crian\u00e7as de at\u00e9 cinco anos de idade n\u00e3o devem passar mais de 60 minutos por dia diante de uma tela de smartphone, computador ou TV.<\/p>\n\n\n\n<p>A organiza\u00e7\u00e3o, alertou, \u00e0 \u00e9poca, que beb\u00eas com menos de 12 meses de vida n\u00e3o devem passar nem um minuto na frente de dispositivos eletr\u00f4nicos.<\/p>\n\n\n\n<figure class=\"wp-block-image size-large\"><img loading=\"lazy\" decoding=\"async\" width=\"1024\" height=\"109\" src=\"http:\/\/connectaoeste.com.br\/wp-content\/uploads\/2023\/11\/cropped-cropped-SITE-ID-001-10-1024x109.png\" alt=\"\" class=\"wp-image-109\" srcset=\"https:\/\/connectaoeste.com.br\/wp-content\/uploads\/2023\/11\/cropped-cropped-SITE-ID-001-10-1024x109.png 1024w, https:\/\/connectaoeste.com.br\/wp-content\/uploads\/2023\/11\/cropped-cropped-SITE-ID-001-10-300x32.png 300w, https:\/\/connectaoeste.com.br\/wp-content\/uploads\/2023\/11\/cropped-cropped-SITE-ID-001-10-768x82.png 768w, https:\/\/connectaoeste.com.br\/wp-content\/uploads\/2023\/11\/cropped-cropped-SITE-ID-001-10-1536x164.png 1536w, https:\/\/connectaoeste.com.br\/wp-content\/uploads\/2023\/11\/cropped-cropped-SITE-ID-001-10-2048x218.png 2048w\" sizes=\"auto, (max-width: 1024px) 100vw, 1024px\" \/><\/figure>\n\n\n\n<h4 class=\"wp-block-heading\"><strong>Confira as recomenda\u00e7\u00f5es para cada idade:<\/strong><\/h4>\n\n\n\n<p><strong>Beb\u00eas (menos de 1 ano):<\/strong><\/p>\n\n\n\n<ul class=\"wp-block-list\">\n<li>Devem estar fisicamente ativos v\u00e1rias vezes ao dia de v\u00e1rias maneiras, particularmente por meio de brincadeiras interativas no ch\u00e3o. Quanto mais, melhor. Para os que ainda n\u00e3o sabem andar, essas atividades f\u00edsicas devem incluir pelo menos 30 minutos em posi\u00e7\u00e3o de bru\u00e7os, repartidos ao longo do dia, nos momentos em que os beb\u00eas estiverem acordados;<\/li>\n\n\n\n<li>N\u00e3o devem permanecer sob formas de conten\u00e7\u00e3o e restri\u00e7\u00e3o do movimento por mais de uma hora seguida \u2014 por exemplo, em carrinhos de beb\u00ea, cadeiras altas ou nas costas de um cuidador. N\u00e3o se recomenda que passem tempo diante de telas de dispositivos eletr\u00f4nicos. Em momentos de inatividade, recomenda-se que um cuidador leia ou conte hist\u00f3rias;<\/li>\n\n\n\n<li>Devem ter de 14 a 17 horas (no per\u00edodo do nascimento aos tr\u00eas meses de idade) ou de 12 a 16 horas (no per\u00edodo de quatro a 11 meses de idade) de sono de boa qualidade, incluindo cochilos.<\/li>\n<\/ul>\n\n\n\n<p><strong>Crian\u00e7as de 1 a 2 anos de idade:<\/strong><\/p>\n\n\n\n<ul class=\"wp-block-list\">\n<li>Devem passar ao menos 180 minutos em uma variedade de atividades f\u00edsicas em qualquer intensidade, incluindo atividades f\u00edsicas de intensidade moderada a elevada, distribu\u00eddas ao longo do dia. Quanto mais, melhor;<\/li>\n\n\n\n<li>N\u00e3o devem ficar restritas por mais de uma hora seguida \u2014 por exemplo, em carrinhos de beb\u00ea, cadeiras altas ou nas costas de um cuidador \u2014 nem permanecer sentadas durante longos per\u00edodos de tempo. Para crian\u00e7as de 1 ano de idade, n\u00e3o se recomenda nenhum per\u00edodo de tempo em atividades sedent\u00e1rias em frente a uma tela (assistindo \u00e0 TV ou v\u00eddeos ou em jogos de computador). Para aquelas com 2 anos de idade, o tempo sedent\u00e1rio em frente \u00e0s telas n\u00e3o deve ser superior a uma hora. Quanto menos, melhor. Em momentos de inatividade, recomenda-se que um cuidador leia ou conte hist\u00f3rias;<\/li>\n\n\n\n<li>Devem ter de 11 a 14 horas de sono de boa qualidade, incluindo cochilos, com hor\u00e1rios regulares para dormir e acordar.<\/li>\n<\/ul>\n\n\n\n<p><strong>Crian\u00e7as de 3 a 4 anos de idade:<\/strong><\/p>\n\n\n\n<ul class=\"wp-block-list\">\n<li>Devem gastar ao menos 180 minutos em v\u00e1rios tipos de atividades f\u00edsicas em qualquer intensidade. Pelo menos 60 minutos devem envolver atividades de intensidade moderada a elevada, repartidas ao longo do dia. Quanto mais, melhor;<\/li>\n\n\n\n<li>N\u00e3o devem ficar contidas por mais de uma hora seguida \u2014 por exemplo, em carrinhos de beb\u00ea \u2014 ou ficar sentadas por longos per\u00edodos. O tempo dedicado a atividades sedent\u00e1rias em frente \u00e0s telas n\u00e3o deve exceder uma hora. Quanto menos, melhor. Em momentos de inatividade, recomenda-se que um cuidador leia ou conte hist\u00f3rias;<\/li>\n\n\n\n<li>Devem ter de 10 a 13 horas de sono de boa qualidade, que podem incluir cochilos, com hor\u00e1rios regulares para dormir e acordar.<\/li>\n<\/ul>\n\n\n\n<p>Fonte: @metropoles <\/p>\n","protected":false},"excerpt":{"rendered":"<p>Imagens Reprodu\u00e7\u00e3o No Distrito Federal, 38,6% das\u00a0crian\u00e7as\u00a0de at\u00e9 6 anos passam mais de duas horas por dia em atividades que envolvam eletr\u00f4nicos. De acordo com levantamento realizado pelo\u00a0Instituto de Pesquisa e Estat\u00edstica do DF (IPEDF), a porcentagem aumenta entre aquelas que t\u00eam mais de 6 anos \u2014 chegando a 53,7%. Recentemente, um estudo feito por [&hellip;]<\/p>\n","protected":false},"author":1,"featured_media":236,"comment_status":"open","ping_status":"open","sticky":false,"template":"","format":"standard","meta":{"footnotes":""},"categories":[8,5],"tags":[17],"class_list":["post-235","post","type-post","status-publish","format-standard","has-post-thumbnail","hentry","category-brasil","category-noticias","tag-brasil"],"_links":{"self":[{"href":"https:\/\/connectaoeste.com.br\/index.php\/wp-json\/wp\/v2\/posts\/235","targetHints":{"allow":["GET"]}}],"collection":[{"href":"https:\/\/connectaoeste.com.br\/index.php\/wp-json\/wp\/v2\/posts"}],"about":[{"href":"https:\/\/connectaoeste.com.br\/index.php\/wp-json\/wp\/v2\/types\/post"}],"author":[{"embeddable":true,"href":"https:\/\/connectaoeste.com.br\/index.php\/wp-json\/wp\/v2\/users\/1"}],"replies":[{"embeddable":true,"href":"https:\/\/connectaoeste.com.br\/index.php\/wp-json\/wp\/v2\/comments?post=235"}],"version-history":[{"count":1,"href":"https:\/\/connectaoeste.com.br\/index.php\/wp-json\/wp\/v2\/posts\/235\/revisions"}],"predecessor-version":[{"id":237,"href":"https:\/\/connectaoeste.com.br\/index.php\/wp-json\/wp\/v2\/posts\/235\/revisions\/237"}],"wp:featuredmedia":[{"embeddable":true,"href":"https:\/\/connectaoeste.com.br\/index.php\/wp-json\/wp\/v2\/media\/236"}],"wp:attachment":[{"href":"https:\/\/connectaoeste.com.br\/index.php\/wp-json\/wp\/v2\/media?parent=235"}],"wp:term":[{"taxonomy":"category","embeddable":true,"href":"https:\/\/connectaoeste.com.br\/index.php\/wp-json\/wp\/v2\/categories?post=235"},{"taxonomy":"post_tag","embeddable":true,"href":"https:\/\/connectaoeste.com.br\/index.php\/wp-json\/wp\/v2\/tags?post=235"}],"curies":[{"name":"wp","href":"https:\/\/api.w.org\/{rel}","templated":true}]}}