{"id":2385,"date":"2025-12-08T12:47:11","date_gmt":"2025-12-08T15:47:11","guid":{"rendered":"https:\/\/connectaoeste.com.br\/?p=2385"},"modified":"2025-12-08T12:47:11","modified_gmt":"2025-12-08T15:47:11","slug":"caiado-reafirma-candidatura-e-diz-respeitar-decisao-de-bolsonaro-por-flavio-em-2026","status":"publish","type":"post","link":"https:\/\/connectaoeste.com.br\/index.php\/2025\/12\/08\/caiado-reafirma-candidatura-e-diz-respeitar-decisao-de-bolsonaro-por-flavio-em-2026\/","title":{"rendered":"Caiado reafirma candidatura e diz respeitar decis\u00e3o de Bolsonaro por Fl\u00e1vio em 2026."},"content":{"rendered":"<p><!--StartFragment --><\/p>\n<p>O governador de Goi\u00e1s, <strong>Ronaldo Caiado (Uni\u00e3o Brasil)<\/strong>, reafirmou nesta semana sua inten\u00e7\u00e3o de disputar a Presid\u00eancia da Rep\u00fablica em 2026, mesmo ap\u00f3s o ex-presidente Jair Bolsonaro anunciar apoio ao nome do senador <strong>Fl\u00e1vio Bolsonaro (PL-RJ)<\/strong> como candidato de seu grupo pol\u00edtico. Caiado declarou que \u201crespeita\u201d a decis\u00e3o de Bolsonaro, mas garantiu que seguir\u00e1 firme com sua pr\u00e9-candidatura, defendendo que o Brasil precisa de alternativas al\u00e9m da polariza\u00e7\u00e3o que tem marcado o cen\u00e1rio nacional nos \u00faltimos anos.<\/p>\n<h4><a href=\"https:\/\/www.instagram.com\/connectaoeste\/\"><img loading=\"lazy\" decoding=\"async\" class=\"wp-image-2292 aligncenter\" src=\"http:\/\/connectaoeste.com.br\/wp-content\/uploads\/2025\/11\/connecta-oeste-300x56.png\" alt=\"\" width=\"680\" height=\"127\" srcset=\"https:\/\/connectaoeste.com.br\/wp-content\/uploads\/2025\/11\/connecta-oeste-300x56.png 300w, https:\/\/connectaoeste.com.br\/wp-content\/uploads\/2025\/11\/connecta-oeste-1024x191.png 1024w, https:\/\/connectaoeste.com.br\/wp-content\/uploads\/2025\/11\/connecta-oeste-768x143.png 768w, https:\/\/connectaoeste.com.br\/wp-content\/uploads\/2025\/11\/connecta-oeste-1536x286.png 1536w, https:\/\/connectaoeste.com.br\/wp-content\/uploads\/2025\/11\/connecta-oeste-2048x381.png 2048w, https:\/\/connectaoeste.com.br\/wp-content\/uploads\/2025\/11\/connecta-oeste-200x37.png 200w\" sizes=\"auto, (max-width: 680px) 100vw, 680px\" \/><\/a><\/h4>\n<p>Em entrevistas e eventos recentes, Caiado destacou que sua proposta \u00e9 construir uma agenda voltada para o desenvolvimento econ\u00f4mico, fortalecimento da agropecu\u00e1ria, investimentos em infraestrutura e valoriza\u00e7\u00e3o da seguran\u00e7a p\u00fablica. O governador goiano afirmou que sua trajet\u00f3ria pol\u00edtica, marcada por atua\u00e7\u00e3o no Congresso e no governo estadual, o credencia a oferecer uma gest\u00e3o eficiente e voltada para resultados pr\u00e1ticos.<\/p>\n<p>A manuten\u00e7\u00e3o da pr\u00e9-candidatura de Caiado ocorre em meio \u00e0s movimenta\u00e7\u00f5es de diferentes partidos que j\u00e1 se articulam para a disputa presidencial. O Uni\u00e3o Brasil, legenda do governador, busca ampliar alian\u00e7as e consolidar sua posi\u00e7\u00e3o como uma alternativa de centro-direita, capaz de dialogar com diversos setores da sociedade.<\/p>\n<p>Ao comentar a escolha de Bolsonaro por Fl\u00e1vio, Caiado disse que n\u00e3o h\u00e1 conflito e que cada lideran\u00e7a tem o direito de apoiar o nome que considera mais adequado. \u201cRespeito a decis\u00e3o do presidente Bolsonaro, mas sigo convicto de que o Brasil precisa de uma nova lideran\u00e7a capaz de unir o pa\u00eds e enfrentar os desafios que temos pela frente\u201d, afirmou.<\/p>\n<p>Com o cen\u00e1rio eleitoral de 2026 se desenhando, a presen\u00e7a de Caiado na corrida presidencial refor\u00e7a a diversidade de nomes que disputar\u00e3o o Pal\u00e1cio do Planalto, em uma elei\u00e7\u00e3o que promete ser marcada por intensas negocia\u00e7\u00f5es pol\u00edticas e pela busca de alternativas \u00e0 tradicional polariza\u00e7\u00e3o.<\/p>\n<p style=\"text-align: center;\"><strong><img decoding=\"async\" class=\"emoji aligncenter\" role=\"img\" draggable=\"false\" src=\"https:\/\/s.w.org\/images\/core\/emoji\/16.0.1\/svg\/1f4e1.svg\" alt=\"\ud83d\udce1\" \/>\u00a0Connecta Oeste \u2014 conectando voc\u00ea \u00e0 informa\u00e7\u00e3o de qualidade!<\/strong><\/p>\n<p><!--EndFragment --><\/p>\n","protected":false},"excerpt":{"rendered":"<p>O governador de Goi\u00e1s, Ronaldo Caiado (Uni\u00e3o Brasil), reafirmou nesta semana sua inten\u00e7\u00e3o de disputar a Presid\u00eancia da Rep\u00fablica em 2026, mesmo ap\u00f3s o ex-presidente Jair Bolsonaro anunciar apoio ao nome do senador Fl\u00e1vio Bolsonaro (PL-RJ) como candidato de seu grupo pol\u00edtico. Caiado declarou que \u201crespeita\u201d a decis\u00e3o de Bolsonaro, mas garantiu que seguir\u00e1 firme [&hellip;]<\/p>\n","protected":false},"author":1,"featured_media":2386,"comment_status":"open","ping_status":"open","sticky":false,"template":"","format":"standard","meta":{"footnotes":""},"categories":[8,1],"tags":[],"class_list":["post-2385","post","type-post","status-publish","format-standard","has-post-thumbnail","hentry","category-brasil","category-politica"],"_links":{"self":[{"href":"https:\/\/connectaoeste.com.br\/index.php\/wp-json\/wp\/v2\/posts\/2385","targetHints":{"allow":["GET"]}}],"collection":[{"href":"https:\/\/connectaoeste.com.br\/index.php\/wp-json\/wp\/v2\/posts"}],"about":[{"href":"https:\/\/connectaoeste.com.br\/index.php\/wp-json\/wp\/v2\/types\/post"}],"author":[{"embeddable":true,"href":"https:\/\/connectaoeste.com.br\/index.php\/wp-json\/wp\/v2\/users\/1"}],"replies":[{"embeddable":true,"href":"https:\/\/connectaoeste.com.br\/index.php\/wp-json\/wp\/v2\/comments?post=2385"}],"version-history":[{"count":1,"href":"https:\/\/connectaoeste.com.br\/index.php\/wp-json\/wp\/v2\/posts\/2385\/revisions"}],"predecessor-version":[{"id":2387,"href":"https:\/\/connectaoeste.com.br\/index.php\/wp-json\/wp\/v2\/posts\/2385\/revisions\/2387"}],"wp:featuredmedia":[{"embeddable":true,"href":"https:\/\/connectaoeste.com.br\/index.php\/wp-json\/wp\/v2\/media\/2386"}],"wp:attachment":[{"href":"https:\/\/connectaoeste.com.br\/index.php\/wp-json\/wp\/v2\/media?parent=2385"}],"wp:term":[{"taxonomy":"category","embeddable":true,"href":"https:\/\/connectaoeste.com.br\/index.php\/wp-json\/wp\/v2\/categories?post=2385"},{"taxonomy":"post_tag","embeddable":true,"href":"https:\/\/connectaoeste.com.br\/index.php\/wp-json\/wp\/v2\/tags?post=2385"}],"curies":[{"name":"wp","href":"https:\/\/api.w.org\/{rel}","templated":true}]}}