{"id":2410,"date":"2025-12-13T09:32:08","date_gmt":"2025-12-13T12:32:08","guid":{"rendered":"https:\/\/connectaoeste.com.br\/?p=2410"},"modified":"2025-12-13T09:40:05","modified_gmt":"2025-12-13T12:40:05","slug":"trump-esta-deixando-bolsonaro-a-deriva-diz-analista-americano","status":"publish","type":"post","link":"https:\/\/connectaoeste.com.br\/index.php\/2025\/12\/13\/trump-esta-deixando-bolsonaro-a-deriva-diz-analista-americano\/","title":{"rendered":"Trump est\u00e1 deixando Bolsonaro \u201c\u00e0 deriva\u201d, diz analista americano."},"content":{"rendered":"<p><!--StartFragment --><\/p>\n<p>O presidente dos Estados Unidos, <strong>Donald Trump<\/strong>, anunciou recentemente a revoga\u00e7\u00e3o das san\u00e7\u00f5es impostas ao ministro do Supremo Tribunal Federal, <strong>Alexandre de Moraes<\/strong>, sob a chamada <strong>Lei Magnitsky<\/strong>. A medida, que havia sido aplicada em julho como parte de uma estrat\u00e9gia de press\u00e3o contra o Brasil, foi revertida ap\u00f3s encontros e avan\u00e7os no di\u00e1logo entre Trump e o presidente brasileiro <strong>Luiz In\u00e1cio Lula da Silva<\/strong>.<\/p>\n<p><img loading=\"lazy\" decoding=\"async\" class=\"wp-image-2414 aligncenter\" src=\"http:\/\/connectaoeste.com.br\/wp-content\/uploads\/2025\/12\/215x90px-NATAL-LEM-300x126.jpg\" alt=\"\" width=\"440\" height=\"185\" srcset=\"https:\/\/connectaoeste.com.br\/wp-content\/uploads\/2025\/12\/215x90px-NATAL-LEM-300x126.jpg 300w, https:\/\/connectaoeste.com.br\/wp-content\/uploads\/2025\/12\/215x90px-NATAL-LEM-1024x429.jpg 1024w, https:\/\/connectaoeste.com.br\/wp-content\/uploads\/2025\/12\/215x90px-NATAL-LEM-768x321.jpg 768w, https:\/\/connectaoeste.com.br\/wp-content\/uploads\/2025\/12\/215x90px-NATAL-LEM-1536x643.jpg 1536w, https:\/\/connectaoeste.com.br\/wp-content\/uploads\/2025\/12\/215x90px-NATAL-LEM-200x84.jpg 200w, https:\/\/connectaoeste.com.br\/wp-content\/uploads\/2025\/12\/215x90px-NATAL-LEM.jpg 1792w\" sizes=\"auto, (max-width: 440px) 100vw, 440px\" \/><\/p>\n<p>Segundo o brasilianista <strong>Brian Winter<\/strong>, editor da revista <em>Americas Quarterly<\/em>, essa decis\u00e3o representa uma <strong>\u201cvirada de 180 graus\u201d<\/strong> na pol\u00edtica americana em rela\u00e7\u00e3o ao Brasil. Para Winter, Trump sempre ajusta sua estrat\u00e9gia quando percebe que ela n\u00e3o est\u00e1 funcionando, e neste caso, a aproxima\u00e7\u00e3o com Lula sinaliza uma mudan\u00e7a clara de prioridades.<\/p>\n<p>A an\u00e1lise sugere que <strong>Jair Bolsonaro<\/strong> e sua fam\u00edlia ficaram \u201c\u00e0 deriva\u201d diante dessa reconfigura\u00e7\u00e3o. O deputado federal licenciado <strong>Eduardo Bolsonaro<\/strong>, que vinha atuando nos Estados Unidos denunciando supostos abusos de Moraes, viu sua influ\u00eancia internacional enfraquecer. De acordo com a analista pol\u00edtica <strong>Jussara Soares<\/strong>, da CNN Brasil, a retirada das san\u00e7\u00f5es exp\u00f4s os limites da atua\u00e7\u00e3o de Eduardo e reduziu o peso pol\u00edtico da fam\u00edlia Bolsonaro no cen\u00e1rio externo.<\/p>\n<ul>\n<li><strong>Para Lula:<\/strong> A decis\u00e3o fortalece sua posi\u00e7\u00e3o diplom\u00e1tica, mostrando capacidade de di\u00e1logo direto com Trump e abrindo espa\u00e7o para coopera\u00e7\u00e3o bilateral.<\/li>\n<li><strong>Para Bolsonaro:<\/strong> Representa um isolamento crescente, j\u00e1 que sua principal ponte internacional \u2014 a proximidade com Trump \u2014 foi enfraquecida.<\/li>\n<li><strong>Para os EUA:<\/strong> A mudan\u00e7a reflete a flexibilidade da pol\u00edtica externa de Trump, que privilegia resultados imediatos e pragm\u00e1ticos em detrimento de alian\u00e7as ideol\u00f3gicas.<\/li>\n<\/ul>\n<table>\n<thead>\n<tr>\n<th>Atores envolvidos<\/th>\n<th>Situa\u00e7\u00e3o antes da decis\u00e3o<\/th>\n<th>Situa\u00e7\u00e3o ap\u00f3s a decis\u00e3o<\/th>\n<\/tr>\n<\/thead>\n<tbody>\n<tr>\n<td><strong>Trump<\/strong><\/td>\n<td>Alinhado com Bolsonaro, apoiando san\u00e7\u00f5es contra Moraes<\/td>\n<td>Aproxima-se de Lula, revoga san\u00e7\u00f5es<\/td>\n<\/tr>\n<tr>\n<td><strong>Bolsonaro<\/strong><\/td>\n<td>Contava com apoio de Trump para pressionar STF<\/td>\n<td>Fica isolado, sem respaldo americano<\/td>\n<\/tr>\n<tr>\n<td><strong>Eduardo Bolsonaro<\/strong><\/td>\n<td>Tentava influenciar pol\u00edtica americana contra Moraes<\/td>\n<td>Perde relev\u00e2ncia e credibilidade internacional<\/td>\n<\/tr>\n<tr>\n<td><strong>Lula<\/strong><\/td>\n<td>Buscava abrir di\u00e1logo com Trump<\/td>\n<td>Consolida aproxima\u00e7\u00e3o e ganha for\u00e7a diplom\u00e1tica<\/td>\n<\/tr>\n<\/tbody>\n<\/table>\n<h2><\/h2>\n<ul>\n<li><strong>Para Bolsonaro:<\/strong> O isolamento pode reduzir sua capacidade de articula\u00e7\u00e3o internacional e enfraquecer sua base pol\u00edtica interna.<\/li>\n<li><strong>Para Trump:<\/strong> A mudan\u00e7a pode gerar cr\u00edticas de setores conservadores que esperavam alinhamento cont\u00ednuo com Bolsonaro.<\/li>\n<li><strong>Para o Brasil:<\/strong> A nova configura\u00e7\u00e3o pode intensificar disputas internas, j\u00e1 que o apoio externo a Lula fortalece sua posi\u00e7\u00e3o frente aos advers\u00e1rios.<\/li>\n<\/ul>\n<p>A decis\u00e3o de Trump marca um <strong>reposicionamento estrat\u00e9gico<\/strong> que deixa Bolsonaro em segundo plano e refor\u00e7a a import\u00e2ncia de Lula no cen\u00e1rio internacional. Analistas avaliam que essa mudan\u00e7a pode redefinir o equil\u00edbrio pol\u00edtico entre os dois l\u00edderes brasileiros e suas rela\u00e7\u00f5es com os Estados Unidos.<\/p>\n<p style=\"text-align: center;\"><strong><img decoding=\"async\" class=\"emoji aligncenter\" role=\"img\" draggable=\"false\" src=\"https:\/\/s.w.org\/images\/core\/emoji\/16.0.1\/svg\/1f4e1.svg\" alt=\"\ud83d\udce1\" \/>\u00a0Connecta Oeste \u2014 conectando voc\u00ea \u00e0 informa\u00e7\u00e3o de qualidade!<\/strong><\/p>\n<p>&nbsp;<\/p>\n<p><!--EndFragment --><\/p>\n","protected":false},"excerpt":{"rendered":"<p>O presidente dos Estados Unidos, Donald Trump, anunciou recentemente a revoga\u00e7\u00e3o das san\u00e7\u00f5es impostas ao ministro do Supremo Tribunal Federal, Alexandre de Moraes, sob a chamada Lei Magnitsky. A medida, que havia sido aplicada em julho como parte de uma estrat\u00e9gia de press\u00e3o contra o Brasil, foi revertida ap\u00f3s encontros e avan\u00e7os no di\u00e1logo entre [&hellip;]<\/p>\n","protected":false},"author":1,"featured_media":2411,"comment_status":"open","ping_status":"open","sticky":false,"template":"","format":"standard","meta":{"footnotes":""},"categories":[8,9,5,1],"tags":[],"class_list":["post-2410","post","type-post","status-publish","format-standard","has-post-thumbnail","hentry","category-brasil","category-mundo","category-noticias","category-politica"],"_links":{"self":[{"href":"https:\/\/connectaoeste.com.br\/index.php\/wp-json\/wp\/v2\/posts\/2410","targetHints":{"allow":["GET"]}}],"collection":[{"href":"https:\/\/connectaoeste.com.br\/index.php\/wp-json\/wp\/v2\/posts"}],"about":[{"href":"https:\/\/connectaoeste.com.br\/index.php\/wp-json\/wp\/v2\/types\/post"}],"author":[{"embeddable":true,"href":"https:\/\/connectaoeste.com.br\/index.php\/wp-json\/wp\/v2\/users\/1"}],"replies":[{"embeddable":true,"href":"https:\/\/connectaoeste.com.br\/index.php\/wp-json\/wp\/v2\/comments?post=2410"}],"version-history":[{"count":3,"href":"https:\/\/connectaoeste.com.br\/index.php\/wp-json\/wp\/v2\/posts\/2410\/revisions"}],"predecessor-version":[{"id":2415,"href":"https:\/\/connectaoeste.com.br\/index.php\/wp-json\/wp\/v2\/posts\/2410\/revisions\/2415"}],"wp:featuredmedia":[{"embeddable":true,"href":"https:\/\/connectaoeste.com.br\/index.php\/wp-json\/wp\/v2\/media\/2411"}],"wp:attachment":[{"href":"https:\/\/connectaoeste.com.br\/index.php\/wp-json\/wp\/v2\/media?parent=2410"}],"wp:term":[{"taxonomy":"category","embeddable":true,"href":"https:\/\/connectaoeste.com.br\/index.php\/wp-json\/wp\/v2\/categories?post=2410"},{"taxonomy":"post_tag","embeddable":true,"href":"https:\/\/connectaoeste.com.br\/index.php\/wp-json\/wp\/v2\/tags?post=2410"}],"curies":[{"name":"wp","href":"https:\/\/api.w.org\/{rel}","templated":true}]}}