{"id":2442,"date":"2025-12-18T22:49:01","date_gmt":"2025-12-19T01:49:01","guid":{"rendered":"https:\/\/connectaoeste.com.br\/?p=2442"},"modified":"2025-12-18T22:49:01","modified_gmt":"2025-12-19T01:49:01","slug":"brasil-elimina-transmissao-vertical-do-hiv-segundo-oms","status":"publish","type":"post","link":"https:\/\/connectaoeste.com.br\/index.php\/2025\/12\/18\/brasil-elimina-transmissao-vertical-do-hiv-segundo-oms\/","title":{"rendered":"Brasil elimina transmiss\u00e3o vertical do HIV, segundo OMS."},"content":{"rendered":"<p><!--StartFragment --><\/p>\n<p>No dia <strong>18 de dezembro de 2025<\/strong>, a <strong>Organiza\u00e7\u00e3o Mundial da Sa\u00fade (OMS)<\/strong> anunciou que o Brasil eliminou a transmiss\u00e3o vertical do HIV \u2014 aquela que ocorre de m\u00e3e para filho durante a gesta\u00e7\u00e3o, parto ou amamenta\u00e7\u00e3o. O pa\u00eds passa a integrar um grupo restrito de na\u00e7\u00f5es que garantem que crian\u00e7as nas\u00e7am livres do v\u00edrus.<\/p>\n<p><img loading=\"lazy\" decoding=\"async\" class=\"wp-image-2394 aligncenter\" src=\"http:\/\/connectaoeste.com.br\/wp-content\/uploads\/2025\/12\/cropped-BLOG-1140x200px-NATAL-LEM-300x53.jpg\" alt=\"\" width=\"577\" height=\"102\" srcset=\"https:\/\/connectaoeste.com.br\/wp-content\/uploads\/2025\/12\/cropped-BLOG-1140x200px-NATAL-LEM-300x53.jpg 300w, https:\/\/connectaoeste.com.br\/wp-content\/uploads\/2025\/12\/cropped-BLOG-1140x200px-NATAL-LEM-1024x179.jpg 1024w, https:\/\/connectaoeste.com.br\/wp-content\/uploads\/2025\/12\/cropped-BLOG-1140x200px-NATAL-LEM-768x135.jpg 768w, https:\/\/connectaoeste.com.br\/wp-content\/uploads\/2025\/12\/cropped-BLOG-1140x200px-NATAL-LEM-1536x269.jpg 1536w, https:\/\/connectaoeste.com.br\/wp-content\/uploads\/2025\/12\/cropped-BLOG-1140x200px-NATAL-LEM-2048x359.jpg 2048w, https:\/\/connectaoeste.com.br\/wp-content\/uploads\/2025\/12\/cropped-BLOG-1140x200px-NATAL-LEM-200x35.jpg 200w\" sizes=\"auto, (max-width: 577px) 100vw, 577px\" \/><\/p>\n<ul>\n<li><strong>Maior pa\u00eds das Am\u00e9ricas<\/strong> a receber a certifica\u00e7\u00e3o.<\/li>\n<li>Demonstra o <strong>compromisso do Sistema \u00danico de Sa\u00fade (SUS)<\/strong> com o acesso universal e gratuito.<\/li>\n<li>Reflete d\u00e9cadas de investimento em <strong>aten\u00e7\u00e3o prim\u00e1ria \u00e0 sa\u00fade<\/strong>, preven\u00e7\u00e3o e respeito aos direitos humanos.<\/li>\n<\/ul>\n<p>O diretor-geral da OMS, <strong>Tedros Adhanom Ghebreyesus<\/strong>, destacou que eliminar a transmiss\u00e3o do HIV de m\u00e3e para filho \u00e9 uma conquista de sa\u00fade p\u00fablica significativa, especialmente em um pa\u00eds de dimens\u00f5es continentais como o Brasil.<br \/>\nNa cerim\u00f4nia realizada no <strong>Pal\u00e1cio do Planalto<\/strong>, o presidente Luiz In\u00e1cio Lula da Silva recebeu o certificado em nome do pa\u00eds.<\/p>\n<ul>\n<li>Amplia\u00e7\u00e3o do <strong>pr\u00e9-natal<\/strong> com testagem universal para HIV.<\/li>\n<li>Distribui\u00e7\u00e3o gratuita de <strong>medicamentos antirretrovirais<\/strong> para gestantes.<\/li>\n<li>Protocolos de acompanhamento e apoio \u00e0s m\u00e3es vivendo com HIV.<\/li>\n<li>Parcerias com organismos internacionais como <strong>Unaids<\/strong> e <strong>OPAS\/OMS<\/strong>.<\/li>\n<\/ul>\n<p>A elimina\u00e7\u00e3o da transmiss\u00e3o vertical significa que <strong>novas gera\u00e7\u00f5es de brasileiros nascer\u00e3o livres do HIV<\/strong>, reduzindo estigmas e fortalecendo pol\u00edticas de sa\u00fade p\u00fablica. Al\u00e9m disso, refor\u00e7a o papel do Brasil como refer\u00eancia mundial em programas de preven\u00e7\u00e3o e tratamento.<\/p>\n<p>Este reconhecimento da OMS coloca o Brasil em posi\u00e7\u00e3o de lideran\u00e7a global na luta contra o HIV. Mais do que um certificado, \u00e9 a prova de que <strong>pol\u00edticas p\u00fablicas consistentes, acesso universal \u00e0 sa\u00fade e compromisso social podem transformar realidades<\/strong>.<\/p>\n<p style=\"text-align: center;\"><strong><img decoding=\"async\" class=\"emoji aligncenter\" role=\"img\" draggable=\"false\" src=\"https:\/\/s.w.org\/images\/core\/emoji\/16.0.1\/svg\/1f4e1.svg\" alt=\"\ud83d\udce1\" \/>\u00a0Connecta Oeste \u2014 conectando voc\u00ea \u00e0 informa\u00e7\u00e3o de qualidade!<\/strong><\/p>\n<p>&nbsp;<\/p>\n<p><!--EndFragment --><\/p>\n","protected":false},"excerpt":{"rendered":"<p>No dia 18 de dezembro de 2025, a Organiza\u00e7\u00e3o Mundial da Sa\u00fade (OMS) anunciou que o Brasil eliminou a transmiss\u00e3o vertical do HIV \u2014 aquela que ocorre de m\u00e3e para filho durante a gesta\u00e7\u00e3o, parto ou amamenta\u00e7\u00e3o. O pa\u00eds passa a integrar um grupo restrito de na\u00e7\u00f5es que garantem que crian\u00e7as nas\u00e7am livres do v\u00edrus. [&hellip;]<\/p>\n","protected":false},"author":1,"featured_media":2443,"comment_status":"open","ping_status":"open","sticky":false,"template":"","format":"standard","meta":{"footnotes":""},"categories":[82,8,9,5,64],"tags":[],"class_list":["post-2442","post","type-post","status-publish","format-standard","has-post-thumbnail","hentry","category-aumento","category-brasil","category-mundo","category-noticias","category-saude"],"_links":{"self":[{"href":"https:\/\/connectaoeste.com.br\/index.php\/wp-json\/wp\/v2\/posts\/2442","targetHints":{"allow":["GET"]}}],"collection":[{"href":"https:\/\/connectaoeste.com.br\/index.php\/wp-json\/wp\/v2\/posts"}],"about":[{"href":"https:\/\/connectaoeste.com.br\/index.php\/wp-json\/wp\/v2\/types\/post"}],"author":[{"embeddable":true,"href":"https:\/\/connectaoeste.com.br\/index.php\/wp-json\/wp\/v2\/users\/1"}],"replies":[{"embeddable":true,"href":"https:\/\/connectaoeste.com.br\/index.php\/wp-json\/wp\/v2\/comments?post=2442"}],"version-history":[{"count":1,"href":"https:\/\/connectaoeste.com.br\/index.php\/wp-json\/wp\/v2\/posts\/2442\/revisions"}],"predecessor-version":[{"id":2444,"href":"https:\/\/connectaoeste.com.br\/index.php\/wp-json\/wp\/v2\/posts\/2442\/revisions\/2444"}],"wp:featuredmedia":[{"embeddable":true,"href":"https:\/\/connectaoeste.com.br\/index.php\/wp-json\/wp\/v2\/media\/2443"}],"wp:attachment":[{"href":"https:\/\/connectaoeste.com.br\/index.php\/wp-json\/wp\/v2\/media?parent=2442"}],"wp:term":[{"taxonomy":"category","embeddable":true,"href":"https:\/\/connectaoeste.com.br\/index.php\/wp-json\/wp\/v2\/categories?post=2442"},{"taxonomy":"post_tag","embeddable":true,"href":"https:\/\/connectaoeste.com.br\/index.php\/wp-json\/wp\/v2\/tags?post=2442"}],"curies":[{"name":"wp","href":"https:\/\/api.w.org\/{rel}","templated":true}]}}