{"id":2461,"date":"2025-12-24T09:28:51","date_gmt":"2025-12-24T12:28:51","guid":{"rendered":"https:\/\/connectaoeste.com.br\/?p=2461"},"modified":"2025-12-24T09:28:51","modified_gmt":"2025-12-24T12:28:51","slug":"bolsonaro-passa-por-cirurgia-para-corrigir-hernia-inguinal-bilateral","status":"publish","type":"post","link":"https:\/\/connectaoeste.com.br\/index.php\/2025\/12\/24\/bolsonaro-passa-por-cirurgia-para-corrigir-hernia-inguinal-bilateral\/","title":{"rendered":"Bolsonaro passa por cirurgia para corrigir h\u00e9rnia inguinal bilateral."},"content":{"rendered":"<p><!--StartFragment --><\/p>\n<p>O ex-presidente Jair Bolsonaro foi submetido nesta quarta-feira (24) a uma cirurgia para corre\u00e7\u00e3o de uma <strong>h\u00e9rnia inguinal bilateral<\/strong>, problema que afeta a regi\u00e3o da virilha e pode causar dor, desconforto e limita\u00e7\u00f5es f\u00edsicas. A interven\u00e7\u00e3o foi autorizada pelo ministro Alexandre de Moraes, do Supremo Tribunal Federal (STF), ap\u00f3s parecer m\u00e9dico da Pol\u00edcia Federal indicar a necessidade do procedimento.<\/p>\n<p><img loading=\"lazy\" decoding=\"async\" class=\"wp-image-2394 aligncenter\" src=\"http:\/\/connectaoeste.com.br\/wp-content\/uploads\/2025\/12\/cropped-BLOG-1140x200px-NATAL-LEM-300x53.jpg\" alt=\"\" width=\"543\" height=\"96\" srcset=\"https:\/\/connectaoeste.com.br\/wp-content\/uploads\/2025\/12\/cropped-BLOG-1140x200px-NATAL-LEM-300x53.jpg 300w, https:\/\/connectaoeste.com.br\/wp-content\/uploads\/2025\/12\/cropped-BLOG-1140x200px-NATAL-LEM-1024x179.jpg 1024w, https:\/\/connectaoeste.com.br\/wp-content\/uploads\/2025\/12\/cropped-BLOG-1140x200px-NATAL-LEM-768x135.jpg 768w, https:\/\/connectaoeste.com.br\/wp-content\/uploads\/2025\/12\/cropped-BLOG-1140x200px-NATAL-LEM-1536x269.jpg 1536w, https:\/\/connectaoeste.com.br\/wp-content\/uploads\/2025\/12\/cropped-BLOG-1140x200px-NATAL-LEM-2048x359.jpg 2048w, https:\/\/connectaoeste.com.br\/wp-content\/uploads\/2025\/12\/cropped-BLOG-1140x200px-NATAL-LEM-200x35.jpg 200w\" sizes=\"auto, (max-width: 543px) 100vw, 543px\" \/><\/p>\n<p>A equipe m\u00e9dica respons\u00e1vel pela avalia\u00e7\u00e3o concluiu que, embora n\u00e3o se tratasse de uma emerg\u00eancia, a cirurgia era recomendada para evitar o agravamento do quadro cl\u00ednico. A Procuradoria-Geral da Rep\u00fablica se manifestou favoravelmente, e Moraes autorizou a interna\u00e7\u00e3o durante o feriado de Natal.<\/p>\n<p>Bolsonaro j\u00e1 havia passado por outras cirurgias abdominais nos \u00faltimos anos, em decorr\u00eancia de complica\u00e7\u00f5es relacionadas ao atentado sofrido em 2018. A h\u00e9rnia inguinal bilateral, no entanto, \u00e9 uma condi\u00e7\u00e3o relativamente comum e n\u00e3o necessariamente ligada a epis\u00f3dios anteriores.<\/p>\n<p>A h\u00e9rnia inguinal ocorre quando parte do intestino ou tecido abdominal se projeta por uma \u00e1rea enfraquecida da musculatura da virilha.<\/p>\n<ul>\n<li><strong>No caso bilateral<\/strong>, o problema aparece em ambos os lados da regi\u00e3o.<\/li>\n<li>Os sintomas mais frequentes incluem:<\/li>\n<li>Incha\u00e7o vis\u00edvel na virilha<\/li>\n<li>Dor ou desconforto ao realizar esfor\u00e7os f\u00edsicos<\/li>\n<li>Sensa\u00e7\u00e3o de peso ou press\u00e3o, especialmente ao tossir ou permanecer em p\u00e9 por longos per\u00edodos<\/li>\n<\/ul>\n<p>Embora muitas vezes seja assintom\u00e1tica no in\u00edcio, a h\u00e9rnia pode aumentar de tamanho e causar complica\u00e7\u00f5es se n\u00e3o tratada.<\/p>\n<p>O tratamento \u00e9 essencialmente cir\u00fargico, e existem diferentes t\u00e9cnicas utilizadas:<\/p>\n<p>A cirurgia de h\u00e9rnia inguinal \u00e9 considerada <strong>segura e rotineira<\/strong>, sendo uma das mais realizadas no mundo.<\/p>\n<ul>\n<li>A taxa de sucesso ultrapassa 90%.<\/li>\n<li>A maioria dos pacientes retoma a rotina em poucas semanas.<\/li>\n<li>Recomenda-se evitar esfor\u00e7os f\u00edsicos intensos no primeiro m\u00eas e manter acompanhamento m\u00e9dico para prevenir complica\u00e7\u00f5es como dor cr\u00f4nica ou recidiva da h\u00e9rnia.<\/li>\n<\/ul>\n<p>Apesar de n\u00e3o ser uma condi\u00e7\u00e3o grave, a h\u00e9rnia inguinal bilateral pode comprometer a qualidade de vida, especialmente em atividades que exigem esfor\u00e7o f\u00edsico. A cirurgia, portanto, \u00e9 vista como medida preventiva e necess\u00e1ria para garantir bem-estar e evitar riscos futuros.<\/p>\n<p style=\"text-align: center;\"><strong><img decoding=\"async\" class=\"emoji aligncenter\" role=\"img\" draggable=\"false\" src=\"https:\/\/s.w.org\/images\/core\/emoji\/16.0.1\/svg\/1f4e1.svg\" alt=\"\ud83d\udce1\" \/>\u00a0Connecta Oeste \u2014 conectando voc\u00ea \u00e0 informa\u00e7\u00e3o de qualidade!<\/strong><\/p>\n<p><!--EndFragment --><\/p>\n","protected":false},"excerpt":{"rendered":"<p>O ex-presidente Jair Bolsonaro foi submetido nesta quarta-feira (24) a uma cirurgia para corre\u00e7\u00e3o de uma h\u00e9rnia inguinal bilateral, problema que afeta a regi\u00e3o da virilha e pode causar dor, desconforto e limita\u00e7\u00f5es f\u00edsicas. A interven\u00e7\u00e3o foi autorizada pelo ministro Alexandre de Moraes, do Supremo Tribunal Federal (STF), ap\u00f3s parecer m\u00e9dico da Pol\u00edcia Federal indicar [&hellip;]<\/p>\n","protected":false},"author":1,"featured_media":2462,"comment_status":"open","ping_status":"open","sticky":false,"template":"","format":"standard","meta":{"footnotes":""},"categories":[8,5,64],"tags":[],"class_list":["post-2461","post","type-post","status-publish","format-standard","has-post-thumbnail","hentry","category-brasil","category-noticias","category-saude"],"_links":{"self":[{"href":"https:\/\/connectaoeste.com.br\/index.php\/wp-json\/wp\/v2\/posts\/2461","targetHints":{"allow":["GET"]}}],"collection":[{"href":"https:\/\/connectaoeste.com.br\/index.php\/wp-json\/wp\/v2\/posts"}],"about":[{"href":"https:\/\/connectaoeste.com.br\/index.php\/wp-json\/wp\/v2\/types\/post"}],"author":[{"embeddable":true,"href":"https:\/\/connectaoeste.com.br\/index.php\/wp-json\/wp\/v2\/users\/1"}],"replies":[{"embeddable":true,"href":"https:\/\/connectaoeste.com.br\/index.php\/wp-json\/wp\/v2\/comments?post=2461"}],"version-history":[{"count":1,"href":"https:\/\/connectaoeste.com.br\/index.php\/wp-json\/wp\/v2\/posts\/2461\/revisions"}],"predecessor-version":[{"id":2463,"href":"https:\/\/connectaoeste.com.br\/index.php\/wp-json\/wp\/v2\/posts\/2461\/revisions\/2463"}],"wp:featuredmedia":[{"embeddable":true,"href":"https:\/\/connectaoeste.com.br\/index.php\/wp-json\/wp\/v2\/media\/2462"}],"wp:attachment":[{"href":"https:\/\/connectaoeste.com.br\/index.php\/wp-json\/wp\/v2\/media?parent=2461"}],"wp:term":[{"taxonomy":"category","embeddable":true,"href":"https:\/\/connectaoeste.com.br\/index.php\/wp-json\/wp\/v2\/categories?post=2461"},{"taxonomy":"post_tag","embeddable":true,"href":"https:\/\/connectaoeste.com.br\/index.php\/wp-json\/wp\/v2\/tags?post=2461"}],"curies":[{"name":"wp","href":"https:\/\/api.w.org\/{rel}","templated":true}]}}