{"id":2509,"date":"2026-01-01T20:37:23","date_gmt":"2026-01-01T23:37:23","guid":{"rendered":"https:\/\/connectaoeste.com.br\/?p=2509"},"modified":"2026-01-01T20:37:23","modified_gmt":"2026-01-01T23:37:23","slug":"reforma-tributaria-entra-em-fase-de-testes-em-2026","status":"publish","type":"post","link":"https:\/\/connectaoeste.com.br\/index.php\/2026\/01\/01\/reforma-tributaria-entra-em-fase-de-testes-em-2026\/","title":{"rendered":"Reforma Tribut\u00e1ria entra em fase de testes em 2026."},"content":{"rendered":"<p>A reforma tribut\u00e1ria brasileira entrar\u00e1 em fase de testes em 2026, inaugurando um per\u00edodo de transi\u00e7\u00e3o para um sistema mais simples e transparente de cobran\u00e7a de impostos sobre o consumo. Nesse primeiro ano, ser\u00e1 implementado o modelo de IVA Dual, composto pela Contribui\u00e7\u00e3o sobre Bens e Servi\u00e7os (CBS), de compet\u00eancia federal, e pelo Imposto sobre Bens e Servi\u00e7os (IBS), administrado por estados e munic\u00edpios. A al\u00edquota inicial ser\u00e1 simb\u00f3lica, de apenas 1%, sendo 0,9% destinada \u00e0 CBS e 0,1% ao IBS, e o valor recolhido ser\u00e1 compensado com tributos j\u00e1 existentes, o que garante que n\u00e3o haver\u00e1 aumento imediato da carga tribut\u00e1ria.<\/p>\n<p><img loading=\"lazy\" decoding=\"async\" class=\"wp-image-2498 aligncenter\" src=\"http:\/\/connectaoeste.com.br\/wp-content\/uploads\/2025\/12\/gsdgsdgsdg-300x169.png\" alt=\"\" width=\"501\" height=\"282\" srcset=\"https:\/\/connectaoeste.com.br\/wp-content\/uploads\/2025\/12\/gsdgsdgsdg-300x169.png 300w, https:\/\/connectaoeste.com.br\/wp-content\/uploads\/2025\/12\/gsdgsdgsdg-1024x576.png 1024w, https:\/\/connectaoeste.com.br\/wp-content\/uploads\/2025\/12\/gsdgsdgsdg-768x432.png 768w, https:\/\/connectaoeste.com.br\/wp-content\/uploads\/2025\/12\/gsdgsdgsdg-1536x864.png 1536w, https:\/\/connectaoeste.com.br\/wp-content\/uploads\/2025\/12\/gsdgsdgsdg-200x113.png 200w, https:\/\/connectaoeste.com.br\/wp-content\/uploads\/2025\/12\/gsdgsdgsdg-1280x720.png 1280w, https:\/\/connectaoeste.com.br\/wp-content\/uploads\/2025\/12\/gsdgsdgsdg.png 1920w\" sizes=\"auto, (max-width: 501px) 100vw, 501px\" \/><br \/>\nA fase de testes ter\u00e1 impacto direto sobre empresas, produtores rurais, importadores e alguns contribuintes pessoas f\u00edsicas, que precisar\u00e3o adaptar seus sistemas de emiss\u00e3o de notas fiscais e ajustar processos internos para atender \u00e0s novas exig\u00eancias. Embora o objetivo seja simplificar e reduzir a burocracia, especialistas alertam que o per\u00edodo inicial pode trazer desafios, especialmente para pequenos neg\u00f3cios e para empresas enquadradas no Simples Nacional.<br \/>\nO cronograma prev\u00ea que, entre 2027 e 2032, os tributos atuais sejam gradualmente substitu\u00eddos pelo novo modelo, at\u00e9 que, em 2033, PIS, Cofins, IPI, ICMS e ISS sejam definitivamente extintos. A expectativa \u00e9 que a reforma traga maior transpar\u00eancia, seguran\u00e7a jur\u00eddica e equidade na tributa\u00e7\u00e3o, aproximando o Brasil de pr\u00e1ticas internacionais. O ano de 2026, portanto, funcionar\u00e1 como um verdadeiro laborat\u00f3rio pr\u00e1tico, em que o pa\u00eds dar\u00e1 os primeiros passos rumo a uma profunda transforma\u00e7\u00e3o no sistema tribut\u00e1rio.<\/p>\n<p style=\"text-align: center;\"><strong><img decoding=\"async\" class=\"emoji aligncenter\" role=\"img\" draggable=\"false\" src=\"https:\/\/s.w.org\/images\/core\/emoji\/16.0.1\/svg\/1f4e1.svg\" alt=\"\ud83d\udce1\" \/>\u00a0Connecta Oeste \u2014 conectando voc\u00ea \u00e0 informa\u00e7\u00e3o de qualidade!<\/strong><\/p>\n","protected":false},"excerpt":{"rendered":"<p>A reforma tribut\u00e1ria brasileira entrar\u00e1 em fase de testes em 2026, inaugurando um per\u00edodo de transi\u00e7\u00e3o para um sistema mais simples e transparente de cobran\u00e7a de impostos sobre o consumo. Nesse primeiro ano, ser\u00e1 implementado o modelo de IVA Dual, composto pela Contribui\u00e7\u00e3o sobre Bens e Servi\u00e7os (CBS), de compet\u00eancia federal, e pelo Imposto sobre [&hellip;]<\/p>\n","protected":false},"author":1,"featured_media":2510,"comment_status":"open","ping_status":"open","sticky":false,"template":"","format":"standard","meta":{"footnotes":""},"categories":[82,8,76,83,9,5,73,1,74],"tags":[],"class_list":["post-2509","post","type-post","status-publish","format-standard","has-post-thumbnail","hentry","category-aumento","category-brasil","category-df","category-imposto","category-mundo","category-noticias","category-pix","category-politica","category-receita-federal"],"_links":{"self":[{"href":"https:\/\/connectaoeste.com.br\/index.php\/wp-json\/wp\/v2\/posts\/2509","targetHints":{"allow":["GET"]}}],"collection":[{"href":"https:\/\/connectaoeste.com.br\/index.php\/wp-json\/wp\/v2\/posts"}],"about":[{"href":"https:\/\/connectaoeste.com.br\/index.php\/wp-json\/wp\/v2\/types\/post"}],"author":[{"embeddable":true,"href":"https:\/\/connectaoeste.com.br\/index.php\/wp-json\/wp\/v2\/users\/1"}],"replies":[{"embeddable":true,"href":"https:\/\/connectaoeste.com.br\/index.php\/wp-json\/wp\/v2\/comments?post=2509"}],"version-history":[{"count":1,"href":"https:\/\/connectaoeste.com.br\/index.php\/wp-json\/wp\/v2\/posts\/2509\/revisions"}],"predecessor-version":[{"id":2511,"href":"https:\/\/connectaoeste.com.br\/index.php\/wp-json\/wp\/v2\/posts\/2509\/revisions\/2511"}],"wp:featuredmedia":[{"embeddable":true,"href":"https:\/\/connectaoeste.com.br\/index.php\/wp-json\/wp\/v2\/media\/2510"}],"wp:attachment":[{"href":"https:\/\/connectaoeste.com.br\/index.php\/wp-json\/wp\/v2\/media?parent=2509"}],"wp:term":[{"taxonomy":"category","embeddable":true,"href":"https:\/\/connectaoeste.com.br\/index.php\/wp-json\/wp\/v2\/categories?post=2509"},{"taxonomy":"post_tag","embeddable":true,"href":"https:\/\/connectaoeste.com.br\/index.php\/wp-json\/wp\/v2\/tags?post=2509"}],"curies":[{"name":"wp","href":"https:\/\/api.w.org\/{rel}","templated":true}]}}