{"id":2519,"date":"2026-01-02T22:41:23","date_gmt":"2026-01-03T01:41:23","guid":{"rendered":"https:\/\/connectaoeste.com.br\/?p=2519"},"modified":"2026-01-02T22:41:39","modified_gmt":"2026-01-03T01:41:39","slug":"imposto-de-renda-comeca-a-valer-isencao-para-quem-ganha-ate-r-5-mil","status":"publish","type":"post","link":"https:\/\/connectaoeste.com.br\/index.php\/2026\/01\/02\/imposto-de-renda-comeca-a-valer-isencao-para-quem-ganha-ate-r-5-mil\/","title":{"rendered":"Imposto de Renda: come\u00e7a a valer isen\u00e7\u00e3o para quem ganha at\u00e9 R$ 5 mil."},"content":{"rendered":"<p><!--StartFragment --><\/p>\n<p>A partir de 1\u00ba de janeiro de 2026, entrou em vigor a nova tabela do Imposto de Renda que garante isen\u00e7\u00e3o para todos os trabalhadores e aposentados que recebem at\u00e9 R$ 5 mil por m\u00eas. A medida, anunciada pelo governo federal, representa uma das maiores mudan\u00e7as na pol\u00edtica tribut\u00e1ria das \u00faltimas d\u00e9cadas e deve beneficiar diretamente cerca de 15 milh\u00f5es de brasileiros. Com a altera\u00e7\u00e3o, quem est\u00e1 nessa faixa de renda n\u00e3o ter\u00e1 mais descontos mensais de IR na folha de pagamento, o que significa mais dinheiro dispon\u00edvel para consumo e para o or\u00e7amento familiar.<\/p>\n<p>Al\u00e9m da isen\u00e7\u00e3o total para rendas de at\u00e9 R$ 5 mil, o governo estabeleceu um modelo de desconto gradual para quem recebe entre R$ 5.000,01 e R$ 7.350, reduzindo a carga tribut\u00e1ria e ampliando o alcance da medida. J\u00e1 os contribuintes com rendimentos acima desse valor continuam sujeitos \u00e0s al\u00edquotas tradicionais. Para compensar a perda de arrecada\u00e7\u00e3o, o Executivo tamb\u00e9m instituiu novas regras de tributa\u00e7\u00e3o sobre lucros e dividendos, com cobran\u00e7a de 10% na fonte para valores mensais superiores a R$ 50 mil e al\u00edquotas progressivas para rendimentos anuais acima de R$ 600 mil. O objetivo \u00e9 garantir maior justi\u00e7a tribut\u00e1ria, fazendo com que os mais ricos contribuam proporcionalmente mais, enquanto trabalhadores de baixa e m\u00e9dia renda sejam aliviados.<\/p>\n<p><a href=\"https:\/\/www.instagram.com\/connectaoeste\/\"><img loading=\"lazy\" decoding=\"async\" class=\"wp-image-2292 aligncenter\" src=\"http:\/\/connectaoeste.com.br\/wp-content\/uploads\/2025\/11\/connecta-oeste-300x56.png\" alt=\"\" width=\"488\" height=\"91\" srcset=\"https:\/\/connectaoeste.com.br\/wp-content\/uploads\/2025\/11\/connecta-oeste-300x56.png 300w, https:\/\/connectaoeste.com.br\/wp-content\/uploads\/2025\/11\/connecta-oeste-1024x191.png 1024w, https:\/\/connectaoeste.com.br\/wp-content\/uploads\/2025\/11\/connecta-oeste-768x143.png 768w, https:\/\/connectaoeste.com.br\/wp-content\/uploads\/2025\/11\/connecta-oeste-1536x286.png 1536w, https:\/\/connectaoeste.com.br\/wp-content\/uploads\/2025\/11\/connecta-oeste-2048x381.png 2048w, https:\/\/connectaoeste.com.br\/wp-content\/uploads\/2025\/11\/connecta-oeste-200x37.png 200w\" sizes=\"auto, (max-width: 488px) 100vw, 488px\" \/><\/a><\/p>\n<p>Segundo estimativas oficiais, a mudan\u00e7a deve injetar mais de R$ 100 bilh\u00f5es na economia ao longo de 2026, fortalecendo o consumo interno e estimulando a gera\u00e7\u00e3o de empregos. O setor de com\u00e9rcio e servi\u00e7os deve sentir os efeitos positivos j\u00e1 nos primeiros meses do ano, com aumento da demanda e maior circula\u00e7\u00e3o de recursos. Para especialistas, a reforma representa um avan\u00e7o significativo no sistema tribut\u00e1rio brasileiro, que h\u00e1 anos vinha sendo criticado por pesar excessivamente sobre os assalariados e isentar grandes rendimentos de capital.<\/p>\n<p>O presidente Luiz In\u00e1cio Lula da Silva destacou que a medida simboliza um passo importante rumo \u00e0 justi\u00e7a social e ao equil\u00edbrio fiscal, ao mesmo tempo em que promove ganho real de renda para milh\u00f5es de fam\u00edlias. Economistas apontam que, al\u00e9m do impacto imediato no bolso dos trabalhadores, a nova pol\u00edtica pode contribuir para reduzir desigualdades e estimular investimentos produtivos, j\u00e1 que a tributa\u00e7\u00e3o sobre dividendos tende a incentivar a reinvers\u00e3o de lucros nas pr\u00f3prias empresas.<\/p>\n<p>Com a nova tabela, o Imposto de Renda passa a ter um car\u00e1ter mais progressivo, aproximando o Brasil de modelos adotados em outros pa\u00edses que buscam equilibrar arrecada\u00e7\u00e3o e distribui\u00e7\u00e3o de renda. Para os contribuintes, a mudan\u00e7a significa al\u00edvio financeiro e maior previsibilidade no planejamento pessoal. J\u00e1 para o governo, o desafio ser\u00e1 manter o equil\u00edbrio fiscal e garantir que a arrecada\u00e7\u00e3o proveniente das altas rendas compense a ren\u00fancia tribut\u00e1ria das faixas mais baixas.<\/p>\n<p>Em resumo, a isen\u00e7\u00e3o para quem ganha at\u00e9 R$ 5 mil marca uma nova etapa na pol\u00edtica tribut\u00e1ria brasileira, com impacto direto na vida de milh\u00f5es de pessoas e reflexos importantes na economia nacional.<\/p>\n<p style=\"text-align: center;\"><strong><img decoding=\"async\" class=\"emoji aligncenter\" role=\"img\" draggable=\"false\" src=\"https:\/\/s.w.org\/images\/core\/emoji\/16.0.1\/svg\/1f4e1.svg\" alt=\"\ud83d\udce1\" \/>\u00a0Connecta Oeste \u2014 conectando voc\u00ea \u00e0 informa\u00e7\u00e3o de qualidade!<\/strong><\/p>\n<p><!--EndFragment --><\/p>\n","protected":false},"excerpt":{"rendered":"<p>A partir de 1\u00ba de janeiro de 2026, entrou em vigor a nova tabela do Imposto de Renda que garante isen\u00e7\u00e3o para todos os trabalhadores e aposentados que recebem at\u00e9 R$ 5 mil por m\u00eas. A medida, anunciada pelo governo federal, representa uma das maiores mudan\u00e7as na pol\u00edtica tribut\u00e1ria das \u00faltimas d\u00e9cadas e deve beneficiar [&hellip;]<\/p>\n","protected":false},"author":1,"featured_media":2520,"comment_status":"open","ping_status":"open","sticky":false,"template":"","format":"standard","meta":{"footnotes":""},"categories":[82,8,83,5,73,74],"tags":[],"class_list":["post-2519","post","type-post","status-publish","format-standard","has-post-thumbnail","hentry","category-aumento","category-brasil","category-imposto","category-noticias","category-pix","category-receita-federal"],"_links":{"self":[{"href":"https:\/\/connectaoeste.com.br\/index.php\/wp-json\/wp\/v2\/posts\/2519","targetHints":{"allow":["GET"]}}],"collection":[{"href":"https:\/\/connectaoeste.com.br\/index.php\/wp-json\/wp\/v2\/posts"}],"about":[{"href":"https:\/\/connectaoeste.com.br\/index.php\/wp-json\/wp\/v2\/types\/post"}],"author":[{"embeddable":true,"href":"https:\/\/connectaoeste.com.br\/index.php\/wp-json\/wp\/v2\/users\/1"}],"replies":[{"embeddable":true,"href":"https:\/\/connectaoeste.com.br\/index.php\/wp-json\/wp\/v2\/comments?post=2519"}],"version-history":[{"count":2,"href":"https:\/\/connectaoeste.com.br\/index.php\/wp-json\/wp\/v2\/posts\/2519\/revisions"}],"predecessor-version":[{"id":2522,"href":"https:\/\/connectaoeste.com.br\/index.php\/wp-json\/wp\/v2\/posts\/2519\/revisions\/2522"}],"wp:featuredmedia":[{"embeddable":true,"href":"https:\/\/connectaoeste.com.br\/index.php\/wp-json\/wp\/v2\/media\/2520"}],"wp:attachment":[{"href":"https:\/\/connectaoeste.com.br\/index.php\/wp-json\/wp\/v2\/media?parent=2519"}],"wp:term":[{"taxonomy":"category","embeddable":true,"href":"https:\/\/connectaoeste.com.br\/index.php\/wp-json\/wp\/v2\/categories?post=2519"},{"taxonomy":"post_tag","embeddable":true,"href":"https:\/\/connectaoeste.com.br\/index.php\/wp-json\/wp\/v2\/tags?post=2519"}],"curies":[{"name":"wp","href":"https:\/\/api.w.org\/{rel}","templated":true}]}}