{"id":2526,"date":"2026-01-05T10:38:06","date_gmt":"2026-01-05T13:38:06","guid":{"rendered":"https:\/\/connectaoeste.com.br\/?p=2526"},"modified":"2026-01-05T10:38:06","modified_gmt":"2026-01-05T13:38:06","slug":"lula-e-aconselhado-a-deixar-tema-venezuela-com-a-diplomacia","status":"publish","type":"post","link":"https:\/\/connectaoeste.com.br\/index.php\/2026\/01\/05\/lula-e-aconselhado-a-deixar-tema-venezuela-com-a-diplomacia\/","title":{"rendered":"Lula \u00e9 aconselhado a deixar tema Venezuela com a diplomacia."},"content":{"rendered":"<p><!--StartFragment --><\/p>\n<p>O presidente Luiz In\u00e1cio Lula da Silva tem sido <strong>aconselhado por aliados e assessores pr\u00f3ximos a n\u00e3o se pronunciar mais diretamente sobre a crise na Venezuela<\/strong>. A recomenda\u00e7\u00e3o surgiu ap\u00f3s a nota oficial divulgada pelo Planalto, no dia da captura de Nicol\u00e1s Maduro em uma opera\u00e7\u00e3o militar dos Estados Unidos.<\/p>\n<h3>Motivos da cautela<\/h3>\n<ul>\n<li><strong>Evitar desgaste interno:<\/strong> O tema Venezuela \u00e9 considerado pol\u00eamico e facilmente explorado pela oposi\u00e7\u00e3o. Novas manifesta\u00e7\u00f5es poderiam afetar a popularidade de Lula em um momento delicado.<\/li>\n<li><strong>Preservar rela\u00e7\u00f5es externas:<\/strong> H\u00e1 preocupa\u00e7\u00e3o em n\u00e3o criar atritos adicionais com o presidente norte-americano Donald Trump, especialmente ap\u00f3s avan\u00e7os recentes na aproxima\u00e7\u00e3o bilateral, como a retirada de san\u00e7\u00f5es e tarifas contra o Brasil.<\/li>\n<li><strong>Manter a linha diplom\u00e1tica:<\/strong> A leitura no Planalto \u00e9 de que Lula j\u00e1 se posicionou ao condenar a a\u00e7\u00e3o militar dos EUA, mas sem citar diretamente Trump ou Maduro, seguindo os princ\u00edpios da diplomacia brasileira.<\/li>\n<\/ul>\n<h3><a href=\"https:\/\/www.instagram.com\/connectaoeste\/\"><img loading=\"lazy\" decoding=\"async\" class=\"wp-image-2292 aligncenter\" src=\"http:\/\/connectaoeste.com.br\/wp-content\/uploads\/2025\/11\/connecta-oeste-300x56.png\" alt=\"\" width=\"514\" height=\"96\" srcset=\"https:\/\/connectaoeste.com.br\/wp-content\/uploads\/2025\/11\/connecta-oeste-300x56.png 300w, https:\/\/connectaoeste.com.br\/wp-content\/uploads\/2025\/11\/connecta-oeste-1024x191.png 1024w, https:\/\/connectaoeste.com.br\/wp-content\/uploads\/2025\/11\/connecta-oeste-768x143.png 768w, https:\/\/connectaoeste.com.br\/wp-content\/uploads\/2025\/11\/connecta-oeste-1536x286.png 1536w, https:\/\/connectaoeste.com.br\/wp-content\/uploads\/2025\/11\/connecta-oeste-2048x381.png 2048w, https:\/\/connectaoeste.com.br\/wp-content\/uploads\/2025\/11\/connecta-oeste-200x37.png 200w\" sizes=\"auto, (max-width: 514px) 100vw, 514px\" \/><\/a><\/h3>\n<p>Em janeiro de 2026, os EUA realizaram uma ofensiva militar em Caracas que resultou na captura de Nicol\u00e1s Maduro, Lula classificou a a\u00e7\u00e3o como uma \u201cafronta grav\u00edssima \u00e0 soberania da Venezuela\u201d, mas evitou ataques diretos a Trump, O Brasil n\u00e3o reconheceu oficialmente a vit\u00f3ria de Maduro nas \u00faltimas elei\u00e7\u00f5es, marcadas por den\u00fancias de fraude.<\/p>\n<p>Lula busca a reelei\u00e7\u00e3o em 2026 e precisa equilibrar sua defesa da soberania latino-americana com a manuten\u00e7\u00e3o de boas rela\u00e7\u00f5es com Washington, especialistas avaliam que a situa\u00e7\u00e3o exigir\u00e1 habilidade diplom\u00e1tica, deixando o protagonismo para o Itamaraty e evitando exposi\u00e7\u00e3o pessoal do presidente.<\/p>\n<p>A estrat\u00e9gia de sil\u00eancio recomendada a Lula reflete uma tentativa de <strong>blindagem pol\u00edtica e diplom\u00e1tica,<\/strong>\u00a0Ao deixar o tema Venezuela restrito ao campo diplom\u00e1tico, o presidente busca evitar novos desgastes internos e preservar a aproxima\u00e7\u00e3o com os Estados Unidos, sem abrir m\u00e3o de defender princ\u00edpios de soberania e n\u00e3o interven\u00e7\u00e3o.<\/p>\n<p style=\"text-align: center;\"><strong><img decoding=\"async\" class=\"emoji aligncenter\" role=\"img\" draggable=\"false\" src=\"https:\/\/s.w.org\/images\/core\/emoji\/16.0.1\/svg\/1f4e1.svg\" alt=\"\ud83d\udce1\" \/>\u00a0Connecta Oeste \u2014 conectando voc\u00ea \u00e0 informa\u00e7\u00e3o de qualidade!<\/strong><\/p>\n<p>&nbsp;<\/p>\n<p><!--EndFragment --><\/p>\n","protected":false},"excerpt":{"rendered":"<p>O presidente Luiz In\u00e1cio Lula da Silva tem sido aconselhado por aliados e assessores pr\u00f3ximos a n\u00e3o se pronunciar mais diretamente sobre a crise na Venezuela. A recomenda\u00e7\u00e3o surgiu ap\u00f3s a nota oficial divulgada pelo Planalto, no dia da captura de Nicol\u00e1s Maduro em uma opera\u00e7\u00e3o militar dos Estados Unidos. Motivos da cautela Evitar desgaste [&hellip;]<\/p>\n","protected":false},"author":1,"featured_media":2527,"comment_status":"open","ping_status":"open","sticky":false,"template":"","format":"standard","meta":{"footnotes":""},"categories":[8,9,5,1],"tags":[],"class_list":["post-2526","post","type-post","status-publish","format-standard","has-post-thumbnail","hentry","category-brasil","category-mundo","category-noticias","category-politica"],"_links":{"self":[{"href":"https:\/\/connectaoeste.com.br\/index.php\/wp-json\/wp\/v2\/posts\/2526","targetHints":{"allow":["GET"]}}],"collection":[{"href":"https:\/\/connectaoeste.com.br\/index.php\/wp-json\/wp\/v2\/posts"}],"about":[{"href":"https:\/\/connectaoeste.com.br\/index.php\/wp-json\/wp\/v2\/types\/post"}],"author":[{"embeddable":true,"href":"https:\/\/connectaoeste.com.br\/index.php\/wp-json\/wp\/v2\/users\/1"}],"replies":[{"embeddable":true,"href":"https:\/\/connectaoeste.com.br\/index.php\/wp-json\/wp\/v2\/comments?post=2526"}],"version-history":[{"count":1,"href":"https:\/\/connectaoeste.com.br\/index.php\/wp-json\/wp\/v2\/posts\/2526\/revisions"}],"predecessor-version":[{"id":2528,"href":"https:\/\/connectaoeste.com.br\/index.php\/wp-json\/wp\/v2\/posts\/2526\/revisions\/2528"}],"wp:featuredmedia":[{"embeddable":true,"href":"https:\/\/connectaoeste.com.br\/index.php\/wp-json\/wp\/v2\/media\/2527"}],"wp:attachment":[{"href":"https:\/\/connectaoeste.com.br\/index.php\/wp-json\/wp\/v2\/media?parent=2526"}],"wp:term":[{"taxonomy":"category","embeddable":true,"href":"https:\/\/connectaoeste.com.br\/index.php\/wp-json\/wp\/v2\/categories?post=2526"},{"taxonomy":"post_tag","embeddable":true,"href":"https:\/\/connectaoeste.com.br\/index.php\/wp-json\/wp\/v2\/tags?post=2526"}],"curies":[{"name":"wp","href":"https:\/\/api.w.org\/{rel}","templated":true}]}}