{"id":2529,"date":"2026-01-05T20:06:02","date_gmt":"2026-01-05T23:06:02","guid":{"rendered":"https:\/\/connectaoeste.com.br\/?p=2529"},"modified":"2026-01-05T20:06:02","modified_gmt":"2026-01-05T23:06:02","slug":"dolar-encerra-dia-em-queda-a-r-540-apos-prisao-de-maduro-pelos-eua","status":"publish","type":"post","link":"https:\/\/connectaoeste.com.br\/index.php\/2026\/01\/05\/dolar-encerra-dia-em-queda-a-r-540-apos-prisao-de-maduro-pelos-eua\/","title":{"rendered":"D\u00f3lar encerra dia em queda, a R$ 5,40, ap\u00f3s pris\u00e3o de Maduro pelos EUA."},"content":{"rendered":"<p>O d\u00f3lar comercial encerrou o preg\u00e3o desta segunda-feira em queda, cotado a R$ 5,40, ap\u00f3s recuar 0,8% em rela\u00e7\u00e3o ao fechamento anterior. O movimento foi diretamente influenciado pela repercuss\u00e3o internacional da pris\u00e3o de Nicol\u00e1s Maduro em Caracas, durante uma opera\u00e7\u00e3o militar conduzida pelos Estados Unidos. A captura do l\u00edder venezuelano, que h\u00e1 anos enfrenta acusa\u00e7\u00f5es de fraude eleitoral e viola\u00e7\u00f5es de direitos humanos, foi interpretada pelos investidores como um sinal de poss\u00edvel estabiliza\u00e7\u00e3o pol\u00edtica na regi\u00e3o, reduzindo a percep\u00e7\u00e3o de risco sobre pa\u00edses vizinhos, como o Brasil.<\/p>\n<p>A rea\u00e7\u00e3o imediata dos mercados foi de al\u00edvio. Analistas destacam que, diante da incerteza que pairava sobre a Venezuela e seus reflexos na Am\u00e9rica Latina, a pris\u00e3o de Maduro trouxe uma leitura de que o cen\u00e1rio pode caminhar para uma solu\u00e7\u00e3o diplom\u00e1tica, ainda que complexa. Essa expectativa contribuiu para a valoriza\u00e7\u00e3o do real frente ao d\u00f3lar, com entrada de fluxo estrangeiro e maior apetite por ativos brasileiros. A Bolsa de Valores tamb\u00e9m registrou alta, impulsionada por empresas exportadoras e do setor de commodities, que se beneficiam da queda da moeda norte-americana.<\/p>\n<p><a href=\"https:\/\/www.instagram.com\/connectaoeste\/\"><img loading=\"lazy\" decoding=\"async\" class=\"wp-image-2292 aligncenter\" src=\"http:\/\/connectaoeste.com.br\/wp-content\/uploads\/2025\/11\/connecta-oeste-300x56.png\" alt=\"\" width=\"595\" height=\"111\" srcset=\"https:\/\/connectaoeste.com.br\/wp-content\/uploads\/2025\/11\/connecta-oeste-300x56.png 300w, https:\/\/connectaoeste.com.br\/wp-content\/uploads\/2025\/11\/connecta-oeste-1024x191.png 1024w, https:\/\/connectaoeste.com.br\/wp-content\/uploads\/2025\/11\/connecta-oeste-768x143.png 768w, https:\/\/connectaoeste.com.br\/wp-content\/uploads\/2025\/11\/connecta-oeste-1536x286.png 1536w, https:\/\/connectaoeste.com.br\/wp-content\/uploads\/2025\/11\/connecta-oeste-2048x381.png 2048w, https:\/\/connectaoeste.com.br\/wp-content\/uploads\/2025\/11\/connecta-oeste-200x37.png 200w\" sizes=\"auto, (max-width: 595px) 100vw, 595px\" \/><\/a><\/p>\n<p>No entanto, especialistas alertam que o movimento pode ser apenas tempor\u00e1rio. A crise venezuelana est\u00e1 longe de ser resolvida e depender\u00e1 das negocia\u00e7\u00f5es pol\u00edticas que se seguir\u00e3o entre Washington, Caracas e organismos internacionais. Al\u00e9m disso, a postura do governo brasileiro ser\u00e1 observada de perto, j\u00e1 que o presidente Luiz In\u00e1cio Lula da Silva tem sido aconselhado a deixar o tema restrito ao Itamaraty, evitando exposi\u00e7\u00e3o pessoal em um momento de tens\u00e3o diplom\u00e1tica.<\/p>\n<p>O c\u00e2mbio, portanto, segue sens\u00edvel aos desdobramentos da situa\u00e7\u00e3o. Caso o conflito se agrave ou surjam novos impasses, o d\u00f3lar pode voltar a subir rapidamente. Por outro lado, se houver avan\u00e7os em dire\u00e7\u00e3o a uma transi\u00e7\u00e3o pol\u00edtica na Venezuela, o real poder\u00e1 se beneficiar ainda mais. Para os investidores, o epis\u00f3dio refor\u00e7a como eventos geopol\u00edticos t\u00eam impacto direto e imediato sobre o mercado financeiro brasileiro, tornando o acompanhamento das not\u00edcias internacionais t\u00e3o relevante quanto os indicadores econ\u00f4micos dom\u00e9sticos.<\/p>\n<p>Em resumo, a queda do d\u00f3lar para R$ 5,40 reflete um momento de otimismo cauteloso. A pris\u00e3o de Maduro trouxe uma sensa\u00e7\u00e3o de redu\u00e7\u00e3o de risco imediato, mas os pr\u00f3ximos cap\u00edtulos da crise venezuelana ser\u00e3o determinantes para definir a trajet\u00f3ria da moeda e o humor dos mercados nos dias seguintes.<\/p>\n<p style=\"text-align: center;\"><strong><img decoding=\"async\" class=\"emoji aligncenter\" role=\"img\" draggable=\"false\" src=\"https:\/\/s.w.org\/images\/core\/emoji\/16.0.1\/svg\/1f4e1.svg\" alt=\"\ud83d\udce1\" \/>\u00a0Connecta Oeste \u2014 conectando voc\u00ea \u00e0 informa\u00e7\u00e3o de qualidade!<\/strong><\/p>\n","protected":false},"excerpt":{"rendered":"<p>O d\u00f3lar comercial encerrou o preg\u00e3o desta segunda-feira em queda, cotado a R$ 5,40, ap\u00f3s recuar 0,8% em rela\u00e7\u00e3o ao fechamento anterior. O movimento foi diretamente influenciado pela repercuss\u00e3o internacional da pris\u00e3o de Nicol\u00e1s Maduro em Caracas, durante uma opera\u00e7\u00e3o militar conduzida pelos Estados Unidos. A captura do l\u00edder venezuelano, que h\u00e1 anos enfrenta acusa\u00e7\u00f5es [&hellip;]<\/p>\n","protected":false},"author":1,"featured_media":2530,"comment_status":"open","ping_status":"open","sticky":false,"template":"","format":"standard","meta":{"footnotes":""},"categories":[83,9,5,1,74],"tags":[],"class_list":["post-2529","post","type-post","status-publish","format-standard","has-post-thumbnail","hentry","category-imposto","category-mundo","category-noticias","category-politica","category-receita-federal"],"_links":{"self":[{"href":"https:\/\/connectaoeste.com.br\/index.php\/wp-json\/wp\/v2\/posts\/2529","targetHints":{"allow":["GET"]}}],"collection":[{"href":"https:\/\/connectaoeste.com.br\/index.php\/wp-json\/wp\/v2\/posts"}],"about":[{"href":"https:\/\/connectaoeste.com.br\/index.php\/wp-json\/wp\/v2\/types\/post"}],"author":[{"embeddable":true,"href":"https:\/\/connectaoeste.com.br\/index.php\/wp-json\/wp\/v2\/users\/1"}],"replies":[{"embeddable":true,"href":"https:\/\/connectaoeste.com.br\/index.php\/wp-json\/wp\/v2\/comments?post=2529"}],"version-history":[{"count":1,"href":"https:\/\/connectaoeste.com.br\/index.php\/wp-json\/wp\/v2\/posts\/2529\/revisions"}],"predecessor-version":[{"id":2531,"href":"https:\/\/connectaoeste.com.br\/index.php\/wp-json\/wp\/v2\/posts\/2529\/revisions\/2531"}],"wp:featuredmedia":[{"embeddable":true,"href":"https:\/\/connectaoeste.com.br\/index.php\/wp-json\/wp\/v2\/media\/2530"}],"wp:attachment":[{"href":"https:\/\/connectaoeste.com.br\/index.php\/wp-json\/wp\/v2\/media?parent=2529"}],"wp:term":[{"taxonomy":"category","embeddable":true,"href":"https:\/\/connectaoeste.com.br\/index.php\/wp-json\/wp\/v2\/categories?post=2529"},{"taxonomy":"post_tag","embeddable":true,"href":"https:\/\/connectaoeste.com.br\/index.php\/wp-json\/wp\/v2\/tags?post=2529"}],"curies":[{"name":"wp","href":"https:\/\/api.w.org\/{rel}","templated":true}]}}