{"id":2560,"date":"2026-01-12T09:30:03","date_gmt":"2026-01-12T12:30:03","guid":{"rendered":"https:\/\/connectaoeste.com.br\/?p=2560"},"modified":"2026-01-12T09:30:03","modified_gmt":"2026-01-12T12:30:03","slug":"comunidade-de-pedra-branca-sera-palco-dos-festejos-de-sao-sebastiao-2026","status":"publish","type":"post","link":"https:\/\/connectaoeste.com.br\/index.php\/2026\/01\/12\/comunidade-de-pedra-branca-sera-palco-dos-festejos-de-sao-sebastiao-2026\/","title":{"rendered":"Comunidade de Pedra Branca ser\u00e1 palco dos festejos de S\u00e3o Sebasti\u00e3o 2026."},"content":{"rendered":"<p>A Cidade de Correntina no Oeste Baiano \u00e9 forte nas tradi\u00e7\u00f5es culturais e se desataca pelos diversos festejos tradicionais. Pedra Branca ser\u00e1 palco dos festejos de S\u00e3o Sebasti\u00e3o 2026. Os festejos acontecer\u00e1 dos dias <strong>15<\/strong> a <strong>20<\/strong> de <strong>janeiro<\/strong> e contar\u00e1 com a <strong>Folia de Reisado de S\u00e3o Sebasti\u00e3o<\/strong> organizada pelo jovem <strong>Vereador Jean da Guarda<\/strong> tamb\u00e9m da Cidade de Correntina, ele que al\u00e9m de se destacar pela seguran\u00e7a p\u00fablica, esporte, ele tamb\u00e9m \u00e9 um incentivador da cultura local e regional. Foli\u00e3o de Reisado, amante dessa tradi\u00e7\u00e3o desde crian\u00e7a e de fam\u00edlia tradicional dessa cultura, Jean da Guarda junta amigos na sua grande maioria m\u00fasicos locais e regionais para sua folia de S\u00e3o Sebasti\u00e3o que promete ser destaque na regi\u00e3o. A folia contar\u00e1 com m\u00fasicos da Banda <strong>Turma do Mod\u00e3o<\/strong>,<strong> GVaqueiro<\/strong> e outros artistas da regi\u00e3o. A folia ter\u00e1 in\u00edcio no dia 15 e encerrar\u00e1 dia 20 de janeiro, onde acontecer\u00e1 a grande reza e almo\u00e7o em louvor \u00e0 M\u00e1rtir S\u00e3o Sebasti\u00e3o. A Comunidade de Pedra Branca fica a<strong> 10 KM<\/strong> da Sede do Munic\u00edpio.<\/p>\n<p style=\"text-align: center;\"><strong>Vejam a Programa\u00e7\u00e3o:<\/strong><\/p>\n<p>&nbsp;<\/p>\n<p><img loading=\"lazy\" decoding=\"async\" class=\"wp-image-2561 aligncenter\" src=\"http:\/\/connectaoeste.com.br\/wp-content\/uploads\/2026\/01\/convite-e1768220783815-300x262.png\" alt=\"\" width=\"511\" height=\"446\" srcset=\"https:\/\/connectaoeste.com.br\/wp-content\/uploads\/2026\/01\/convite-e1768220783815-300x262.png 300w, https:\/\/connectaoeste.com.br\/wp-content\/uploads\/2026\/01\/convite-e1768220783815-1024x895.png 1024w, https:\/\/connectaoeste.com.br\/wp-content\/uploads\/2026\/01\/convite-e1768220783815-768x671.png 768w, https:\/\/connectaoeste.com.br\/wp-content\/uploads\/2026\/01\/convite-e1768220783815-200x175.png 200w, https:\/\/connectaoeste.com.br\/wp-content\/uploads\/2026\/01\/convite-e1768220783815.png 1080w\" sizes=\"auto, (max-width: 511px) 100vw, 511px\" \/><\/p>\n<p style=\"text-align: center;\"><strong><img decoding=\"async\" class=\"emoji aligncenter\" role=\"img\" draggable=\"false\" src=\"https:\/\/s.w.org\/images\/core\/emoji\/16.0.1\/svg\/1f4e1.svg\" alt=\"\ud83d\udce1\" \/>\u00a0Connecta Oeste \u2014 conectando voc\u00ea \u00e0 informa\u00e7\u00e3o de qualidade!<\/strong><\/p>\n","protected":false},"excerpt":{"rendered":"<p>A Cidade de Correntina no Oeste Baiano \u00e9 forte nas tradi\u00e7\u00f5es culturais e se desataca pelos diversos festejos tradicionais. Pedra Branca ser\u00e1 palco dos festejos de S\u00e3o Sebasti\u00e3o 2026. Os festejos acontecer\u00e1 dos dias 15 a 20 de janeiro e contar\u00e1 com a Folia de Reisado de S\u00e3o Sebasti\u00e3o organizada pelo jovem Vereador Jean da [&hellip;]<\/p>\n","protected":false},"author":1,"featured_media":2556,"comment_status":"open","ping_status":"open","sticky":false,"template":"","format":"standard","meta":{"footnotes":""},"categories":[7,45,63,5],"tags":[],"class_list":["post-2560","post","type-post","status-publish","format-standard","has-post-thumbnail","hentry","category-bahia","category-correntina","category-festa","category-noticias"],"_links":{"self":[{"href":"https:\/\/connectaoeste.com.br\/index.php\/wp-json\/wp\/v2\/posts\/2560","targetHints":{"allow":["GET"]}}],"collection":[{"href":"https:\/\/connectaoeste.com.br\/index.php\/wp-json\/wp\/v2\/posts"}],"about":[{"href":"https:\/\/connectaoeste.com.br\/index.php\/wp-json\/wp\/v2\/types\/post"}],"author":[{"embeddable":true,"href":"https:\/\/connectaoeste.com.br\/index.php\/wp-json\/wp\/v2\/users\/1"}],"replies":[{"embeddable":true,"href":"https:\/\/connectaoeste.com.br\/index.php\/wp-json\/wp\/v2\/comments?post=2560"}],"version-history":[{"count":4,"href":"https:\/\/connectaoeste.com.br\/index.php\/wp-json\/wp\/v2\/posts\/2560\/revisions"}],"predecessor-version":[{"id":2565,"href":"https:\/\/connectaoeste.com.br\/index.php\/wp-json\/wp\/v2\/posts\/2560\/revisions\/2565"}],"wp:featuredmedia":[{"embeddable":true,"href":"https:\/\/connectaoeste.com.br\/index.php\/wp-json\/wp\/v2\/media\/2556"}],"wp:attachment":[{"href":"https:\/\/connectaoeste.com.br\/index.php\/wp-json\/wp\/v2\/media?parent=2560"}],"wp:term":[{"taxonomy":"category","embeddable":true,"href":"https:\/\/connectaoeste.com.br\/index.php\/wp-json\/wp\/v2\/categories?post=2560"},{"taxonomy":"post_tag","embeddable":true,"href":"https:\/\/connectaoeste.com.br\/index.php\/wp-json\/wp\/v2\/tags?post=2560"}],"curies":[{"name":"wp","href":"https:\/\/api.w.org\/{rel}","templated":true}]}}