{"id":2566,"date":"2026-01-12T20:56:57","date_gmt":"2026-01-12T23:56:57","guid":{"rendered":"https:\/\/connectaoeste.com.br\/?p=2566"},"modified":"2026-01-12T20:56:57","modified_gmt":"2026-01-12T23:56:57","slug":"gas-de-cozinha-tem-reajuste-de-238-na-bahia-preco-do-botijao-deve-ficar-ate-r-5-mais-caro","status":"publish","type":"post","link":"https:\/\/connectaoeste.com.br\/index.php\/2026\/01\/12\/gas-de-cozinha-tem-reajuste-de-238-na-bahia-preco-do-botijao-deve-ficar-ate-r-5-mais-caro\/","title":{"rendered":"G\u00e1s de cozinha tem reajuste de 2,38% na Bahia; pre\u00e7o do botij\u00e3o deve ficar at\u00e9 R$ 5 mais caro."},"content":{"rendered":"<p><!--StartFragment --><\/p>\n<p>Os consumidores baianos v\u00e3o sentir no bolso um novo reajuste no pre\u00e7o do g\u00e1s de cozinha. A partir desta semana, o valor do botij\u00e3o de 13 quilos ter\u00e1 aumento m\u00e9dio de <strong>2,38%<\/strong>, o que pode representar at\u00e9 <strong>R$ 5 a mais<\/strong> no pre\u00e7o final pago pelas fam\u00edlias.<\/p>\n<p>Segundo o Sindicato dos Revendedores de G\u00e1s da Bahia, o reajuste acompanha a alta nos custos de distribui\u00e7\u00e3o e log\u00edstica, al\u00e9m da varia\u00e7\u00e3o do mercado nacional. Com isso, o pre\u00e7o m\u00e9dio do botij\u00e3o, que atualmente varia entre R$ 95 e R$ 105 em algumas cidades, pode chegar a <strong>R$ 110<\/strong> em determinados pontos de venda.<\/p>\n<p><img loading=\"lazy\" decoding=\"async\" class=\"wp-image-2556 aligncenter\" src=\"http:\/\/connectaoeste.com.br\/wp-content\/uploads\/2026\/01\/sfsfsfsg-scaled-e1768261955511-300x69.png\" alt=\"\" width=\"565\" height=\"130\" srcset=\"https:\/\/connectaoeste.com.br\/wp-content\/uploads\/2026\/01\/sfsfsfsg-scaled-e1768261955511-300x69.png 300w, https:\/\/connectaoeste.com.br\/wp-content\/uploads\/2026\/01\/sfsfsfsg-scaled-e1768261955511-1024x234.png 1024w, https:\/\/connectaoeste.com.br\/wp-content\/uploads\/2026\/01\/sfsfsfsg-scaled-e1768261955511-768x176.png 768w, https:\/\/connectaoeste.com.br\/wp-content\/uploads\/2026\/01\/sfsfsfsg-scaled-e1768261955511-1536x352.png 1536w, https:\/\/connectaoeste.com.br\/wp-content\/uploads\/2026\/01\/sfsfsfsg-scaled-e1768261955511-2048x469.png 2048w, https:\/\/connectaoeste.com.br\/wp-content\/uploads\/2026\/01\/sfsfsfsg-scaled-e1768261955511-200x46.png 200w\" sizes=\"auto, (max-width: 565px) 100vw, 565px\" \/><\/p>\n<p>O g\u00e1s de cozinha \u00e9 um dos itens essenciais no or\u00e7amento das fam\u00edlias, especialmente nas classes populares, o aumento pressiona ainda mais o custo de vida, j\u00e1 que o produto \u00e9 indispens\u00e1vel para preparo de alimentos, em regi\u00f5es do interior, onde a log\u00edstica \u00e9 mais cara, o reajuste pode ser sentido de forma mais intensa.<\/p>\n<p>Nos \u00faltimos meses, o pre\u00e7o do g\u00e1s de cozinha tem sofrido oscila\u00e7\u00f5es em todo o pa\u00eds, influenciado por fatores como:<\/p>\n<ul>\n<li>Custos de importa\u00e7\u00e3o e transporte.<\/li>\n<li>Varia\u00e7\u00f5es no pre\u00e7o do petr\u00f3leo e seus derivados.<\/li>\n<li>Ajustes feitos pelas distribuidoras e revendedoras locais.<\/li>\n<\/ul>\n<p>Especialistas alertam que o aumento pode gerar reflexos na infla\u00e7\u00e3o de alimentos, j\u00e1 que muitos estabelecimentos dependem do g\u00e1s para produ\u00e7\u00e3o. Organiza\u00e7\u00f5es de defesa do consumidor recomendam que os clientes pesquisem pre\u00e7os em diferentes pontos de venda e, quando poss\u00edvel, optem por compras coletivas para reduzir custos.<\/p>\n<p style=\"text-align: center;\"><strong><img decoding=\"async\" class=\"emoji aligncenter\" role=\"img\" draggable=\"false\" src=\"https:\/\/s.w.org\/images\/core\/emoji\/16.0.1\/svg\/1f4e1.svg\" alt=\"\ud83d\udce1\" \/>\u00a0Connecta Oeste \u2014 conectando voc\u00ea \u00e0 informa\u00e7\u00e3o de qualidade!<\/strong><\/p>\n<p>&nbsp;<\/p>\n<p><!--EndFragment --><\/p>\n","protected":false},"excerpt":{"rendered":"<p>Os consumidores baianos v\u00e3o sentir no bolso um novo reajuste no pre\u00e7o do g\u00e1s de cozinha. A partir desta semana, o valor do botij\u00e3o de 13 quilos ter\u00e1 aumento m\u00e9dio de 2,38%, o que pode representar at\u00e9 R$ 5 a mais no pre\u00e7o final pago pelas fam\u00edlias. Segundo o Sindicato dos Revendedores de G\u00e1s da [&hellip;]<\/p>\n","protected":false},"author":1,"featured_media":2570,"comment_status":"open","ping_status":"open","sticky":false,"template":"","format":"standard","meta":{"footnotes":""},"categories":[82,7,8,83,5,1,74],"tags":[],"class_list":["post-2566","post","type-post","status-publish","format-standard","has-post-thumbnail","hentry","category-aumento","category-bahia","category-brasil","category-imposto","category-noticias","category-politica","category-receita-federal"],"_links":{"self":[{"href":"https:\/\/connectaoeste.com.br\/index.php\/wp-json\/wp\/v2\/posts\/2566","targetHints":{"allow":["GET"]}}],"collection":[{"href":"https:\/\/connectaoeste.com.br\/index.php\/wp-json\/wp\/v2\/posts"}],"about":[{"href":"https:\/\/connectaoeste.com.br\/index.php\/wp-json\/wp\/v2\/types\/post"}],"author":[{"embeddable":true,"href":"https:\/\/connectaoeste.com.br\/index.php\/wp-json\/wp\/v2\/users\/1"}],"replies":[{"embeddable":true,"href":"https:\/\/connectaoeste.com.br\/index.php\/wp-json\/wp\/v2\/comments?post=2566"}],"version-history":[{"count":1,"href":"https:\/\/connectaoeste.com.br\/index.php\/wp-json\/wp\/v2\/posts\/2566\/revisions"}],"predecessor-version":[{"id":2567,"href":"https:\/\/connectaoeste.com.br\/index.php\/wp-json\/wp\/v2\/posts\/2566\/revisions\/2567"}],"wp:featuredmedia":[{"embeddable":true,"href":"https:\/\/connectaoeste.com.br\/index.php\/wp-json\/wp\/v2\/media\/2570"}],"wp:attachment":[{"href":"https:\/\/connectaoeste.com.br\/index.php\/wp-json\/wp\/v2\/media?parent=2566"}],"wp:term":[{"taxonomy":"category","embeddable":true,"href":"https:\/\/connectaoeste.com.br\/index.php\/wp-json\/wp\/v2\/categories?post=2566"},{"taxonomy":"post_tag","embeddable":true,"href":"https:\/\/connectaoeste.com.br\/index.php\/wp-json\/wp\/v2\/tags?post=2566"}],"curies":[{"name":"wp","href":"https:\/\/api.w.org\/{rel}","templated":true}]}}