{"id":274,"date":"2024-01-01T16:25:16","date_gmt":"2024-01-01T19:25:16","guid":{"rendered":"https:\/\/connectaoeste.com.br\/?p=274"},"modified":"2024-01-01T16:25:16","modified_gmt":"2024-01-01T19:25:16","slug":"prefeitura-de-correntina-ba-lanca-concurso-publico","status":"publish","type":"post","link":"https:\/\/connectaoeste.com.br\/index.php\/2024\/01\/01\/prefeitura-de-correntina-ba-lanca-concurso-publico\/","title":{"rendered":"PREFEITURA DE CORRENTINA-BA LAN\u00c7A CONCURSO P\u00daBLICO"},"content":{"rendered":"\n<p>Prefeitura de Correntina Oeste da Bahia lan\u00e7ou edital de concurso p\u00fablico com 441 vagas imediatas mais cadastro de reserva. com cargos de n\u00edvel fundamental, m\u00e9dio e superior com sal\u00e1rios que chega de R$ 1.320,00 a R$ 12.260,43 . O que chama aten\u00e7\u00e3o que n\u00e3o limita vagas para cadastro reserva nesse concurso, como de praxe nos concursos p\u00fablicos. As inscri\u00e7\u00f5es ficar\u00e3o abertas no per\u00edodo de 04\/01\/2024 a 31\/01\/2024, via internet, no site do Instituto A\u00e7\u00e3o, respons\u00e1vel pela organiza\u00e7\u00e3o do certame. Todas as informa\u00e7\u00f5es sobre o concurso podem ser conferidas no edital.<\/p>\n\n\n\n<p>Segue link do edital: <a href=\"https:\/\/acaobahiaorganizacao.com.br\/informacoes\/42\/\" data-type=\"link\" data-id=\"https:\/\/acaobahiaorganizacao.com.br\/informacoes\/42\/\">https:\/\/acaobahiaorganizacao.com.br\/informacoes\/42\/<\/a><\/p>\n\n\n\n<figure class=\"wp-block-gallery has-nested-images columns-default is-cropped wp-block-gallery-1 is-layout-flex wp-block-gallery-is-layout-flex\">\n<figure class=\"wp-block-image size-large\"><img loading=\"lazy\" decoding=\"async\" width=\"1024\" height=\"109\" data-id=\"109\" src=\"https:\/\/connectaoeste.com.br\/wp-content\/uploads\/2023\/11\/cropped-cropped-SITE-ID-001-10-1024x109.png\" alt=\"\" class=\"wp-image-109\" srcset=\"https:\/\/connectaoeste.com.br\/wp-content\/uploads\/2023\/11\/cropped-cropped-SITE-ID-001-10-1024x109.png 1024w, https:\/\/connectaoeste.com.br\/wp-content\/uploads\/2023\/11\/cropped-cropped-SITE-ID-001-10-300x32.png 300w, https:\/\/connectaoeste.com.br\/wp-content\/uploads\/2023\/11\/cropped-cropped-SITE-ID-001-10-768x82.png 768w, https:\/\/connectaoeste.com.br\/wp-content\/uploads\/2023\/11\/cropped-cropped-SITE-ID-001-10-1536x164.png 1536w, https:\/\/connectaoeste.com.br\/wp-content\/uploads\/2023\/11\/cropped-cropped-SITE-ID-001-10-2048x218.png 2048w\" sizes=\"auto, (max-width: 1024px) 100vw, 1024px\" \/><\/figure>\n<\/figure>\n\n\n\n<p>Por CONNECTA OESTE<br>Connectando voc\u00ea a informa\u00e7\u00e3o!<\/p>\n","protected":false},"excerpt":{"rendered":"<p>Prefeitura de Correntina Oeste da Bahia lan\u00e7ou edital de concurso p\u00fablico com 441 vagas imediatas mais cadastro de reserva. com cargos de n\u00edvel fundamental, m\u00e9dio e superior com sal\u00e1rios que chega de R$ 1.320,00 a R$ 12.260,43 . O que chama aten\u00e7\u00e3o que n\u00e3o limita vagas para cadastro reserva nesse concurso, como de praxe nos [&hellip;]<\/p>\n","protected":false},"author":1,"featured_media":275,"comment_status":"open","ping_status":"open","sticky":false,"template":"","format":"standard","meta":{"footnotes":""},"categories":[7,5],"tags":[15,34,30],"class_list":["post-274","post","type-post","status-publish","format-standard","has-post-thumbnail","hentry","category-bahia","category-noticias","tag-bahia","tag-concurso","tag-correntina"],"_links":{"self":[{"href":"https:\/\/connectaoeste.com.br\/index.php\/wp-json\/wp\/v2\/posts\/274","targetHints":{"allow":["GET"]}}],"collection":[{"href":"https:\/\/connectaoeste.com.br\/index.php\/wp-json\/wp\/v2\/posts"}],"about":[{"href":"https:\/\/connectaoeste.com.br\/index.php\/wp-json\/wp\/v2\/types\/post"}],"author":[{"embeddable":true,"href":"https:\/\/connectaoeste.com.br\/index.php\/wp-json\/wp\/v2\/users\/1"}],"replies":[{"embeddable":true,"href":"https:\/\/connectaoeste.com.br\/index.php\/wp-json\/wp\/v2\/comments?post=274"}],"version-history":[{"count":1,"href":"https:\/\/connectaoeste.com.br\/index.php\/wp-json\/wp\/v2\/posts\/274\/revisions"}],"predecessor-version":[{"id":276,"href":"https:\/\/connectaoeste.com.br\/index.php\/wp-json\/wp\/v2\/posts\/274\/revisions\/276"}],"wp:featuredmedia":[{"embeddable":true,"href":"https:\/\/connectaoeste.com.br\/index.php\/wp-json\/wp\/v2\/media\/275"}],"wp:attachment":[{"href":"https:\/\/connectaoeste.com.br\/index.php\/wp-json\/wp\/v2\/media?parent=274"}],"wp:term":[{"taxonomy":"category","embeddable":true,"href":"https:\/\/connectaoeste.com.br\/index.php\/wp-json\/wp\/v2\/categories?post=274"},{"taxonomy":"post_tag","embeddable":true,"href":"https:\/\/connectaoeste.com.br\/index.php\/wp-json\/wp\/v2\/tags?post=274"}],"curies":[{"name":"wp","href":"https:\/\/api.w.org\/{rel}","templated":true}]}}