{"id":277,"date":"2024-01-04T09:15:14","date_gmt":"2024-01-04T12:15:14","guid":{"rendered":"https:\/\/connectaoeste.com.br\/?p=277"},"modified":"2024-01-04T09:15:14","modified_gmt":"2024-01-04T12:15:14","slug":"cantor-joao-carreiro-morre-aos-41-anos","status":"publish","type":"post","link":"https:\/\/connectaoeste.com.br\/index.php\/2024\/01\/04\/cantor-joao-carreiro-morre-aos-41-anos\/","title":{"rendered":"CANTOR JO\u00c3O CARREIRO MORRE AOS 41 ANOS"},"content":{"rendered":"\n<p>Foto: Rede Social <\/p>\n\n\n\n<p>O cantor Jo\u00e3o Carreiro que fez dupla com Jo\u00e3o Carreiro e Capataz morre depois de uma cirurgia no cora\u00e7\u00e3o em Campo Grande-MS. Natural de Cuiab\u00e1 Mato Grosso, Jo\u00e3o Carreiro de 41 anos fez sucesso ao lado de Capataz com sucesso Bruto R\u00fastico e Sistem\u00e1tico em meados do ano 2000, ap\u00f3s separa\u00e7\u00e3o da dupla Jo\u00e3o Carreiro seguiu carreira solo ele assumiu em entrevistas que teve fortes crises de depress\u00e3o, mas superou e continuou sua carreira. Al\u00e9m de cantor Jo\u00e3o Carreiro era um grande violeiro e amava as m\u00fasicas raizes, muito admirado no seguimento sertanejo fez participa\u00e7\u00e3o em musica com Renato Teixeira e S\u00e9rgio Reis<\/p>\n\n\n\n<figure class=\"wp-block-image size-large\"><img loading=\"lazy\" decoding=\"async\" width=\"1024\" height=\"109\" src=\"http:\/\/connectaoeste.com.br\/wp-content\/uploads\/2023\/11\/cropped-cropped-SITE-ID-001-10-1024x109.png\" alt=\"\" class=\"wp-image-109\" srcset=\"https:\/\/connectaoeste.com.br\/wp-content\/uploads\/2023\/11\/cropped-cropped-SITE-ID-001-10-1024x109.png 1024w, https:\/\/connectaoeste.com.br\/wp-content\/uploads\/2023\/11\/cropped-cropped-SITE-ID-001-10-300x32.png 300w, https:\/\/connectaoeste.com.br\/wp-content\/uploads\/2023\/11\/cropped-cropped-SITE-ID-001-10-768x82.png 768w, https:\/\/connectaoeste.com.br\/wp-content\/uploads\/2023\/11\/cropped-cropped-SITE-ID-001-10-1536x164.png 1536w, https:\/\/connectaoeste.com.br\/wp-content\/uploads\/2023\/11\/cropped-cropped-SITE-ID-001-10-2048x218.png 2048w\" sizes=\"auto, (max-width: 1024px) 100vw, 1024px\" \/><\/figure>\n\n\n\n<p>CONNECTA OESTE<br>Connectando voc\u00ea a informa\u00e7\u00e3o !<\/p>\n","protected":false},"excerpt":{"rendered":"<p>Foto: Rede Social O cantor Jo\u00e3o Carreiro que fez dupla com Jo\u00e3o Carreiro e Capataz morre depois de uma cirurgia no cora\u00e7\u00e3o em Campo Grande-MS. Natural de Cuiab\u00e1 Mato Grosso, Jo\u00e3o Carreiro de 41 anos fez sucesso ao lado de Capataz com sucesso Bruto R\u00fastico e Sistem\u00e1tico em meados do ano 2000, ap\u00f3s separa\u00e7\u00e3o da [&hellip;]<\/p>\n","protected":false},"author":1,"featured_media":278,"comment_status":"open","ping_status":"open","sticky":false,"template":"","format":"standard","meta":{"footnotes":""},"categories":[8,5],"tags":[15,36,35],"class_list":["post-277","post","type-post","status-publish","format-standard","has-post-thumbnail","hentry","category-brasil","category-noticias","tag-bahia","tag-musica","tag-musica-sertaneja"],"_links":{"self":[{"href":"https:\/\/connectaoeste.com.br\/index.php\/wp-json\/wp\/v2\/posts\/277","targetHints":{"allow":["GET"]}}],"collection":[{"href":"https:\/\/connectaoeste.com.br\/index.php\/wp-json\/wp\/v2\/posts"}],"about":[{"href":"https:\/\/connectaoeste.com.br\/index.php\/wp-json\/wp\/v2\/types\/post"}],"author":[{"embeddable":true,"href":"https:\/\/connectaoeste.com.br\/index.php\/wp-json\/wp\/v2\/users\/1"}],"replies":[{"embeddable":true,"href":"https:\/\/connectaoeste.com.br\/index.php\/wp-json\/wp\/v2\/comments?post=277"}],"version-history":[{"count":1,"href":"https:\/\/connectaoeste.com.br\/index.php\/wp-json\/wp\/v2\/posts\/277\/revisions"}],"predecessor-version":[{"id":279,"href":"https:\/\/connectaoeste.com.br\/index.php\/wp-json\/wp\/v2\/posts\/277\/revisions\/279"}],"wp:featuredmedia":[{"embeddable":true,"href":"https:\/\/connectaoeste.com.br\/index.php\/wp-json\/wp\/v2\/media\/278"}],"wp:attachment":[{"href":"https:\/\/connectaoeste.com.br\/index.php\/wp-json\/wp\/v2\/media?parent=277"}],"wp:term":[{"taxonomy":"category","embeddable":true,"href":"https:\/\/connectaoeste.com.br\/index.php\/wp-json\/wp\/v2\/categories?post=277"},{"taxonomy":"post_tag","embeddable":true,"href":"https:\/\/connectaoeste.com.br\/index.php\/wp-json\/wp\/v2\/tags?post=277"}],"curies":[{"name":"wp","href":"https:\/\/api.w.org\/{rel}","templated":true}]}}