{"id":2774,"date":"2026-03-05T08:41:52","date_gmt":"2026-03-05T11:41:52","guid":{"rendered":"https:\/\/connectaoeste.com.br\/?p=2774"},"modified":"2026-03-05T08:51:36","modified_gmt":"2026-03-05T11:51:36","slug":"camara-aprova-pec-da-seguranca-publica-em-2o-turno-e-proposta-segue-para-o-senado","status":"publish","type":"post","link":"https:\/\/connectaoeste.com.br\/index.php\/2026\/03\/05\/camara-aprova-pec-da-seguranca-publica-em-2o-turno-e-proposta-segue-para-o-senado\/","title":{"rendered":"C\u00e2mara aprova PEC da Seguran\u00e7a P\u00fablica em 2\u00ba turno e proposta segue para o Senado."},"content":{"rendered":"<p>A C\u00e2mara dos Deputados do Brasil aprovou em segundo turno a Proposta de Emenda \u00e0 Constitui\u00e7\u00e3o (PEC) 18\/25, <strong>,<\/strong> conhecida como PEC da Seguran\u00e7a P\u00fablica. Com a conclus\u00e3o da vota\u00e7\u00e3o, Aprovada com<strong> 461 votos a 14<\/strong> o texto agora segue para an\u00e1lise do Senado Federal do Brasil.<\/p>\n<p>A proposta promove mudan\u00e7as estruturais no sistema de seguran\u00e7a p\u00fablica brasileiro e prev\u00ea novas regras para atua\u00e7\u00e3o e organiza\u00e7\u00e3o das for\u00e7as policiais no pa\u00eds. Entre os principais pontos est\u00e1 a autoriza\u00e7\u00e3o para cria\u00e7\u00e3o de <strong>pol\u00edcias municipais de natureza civil<\/strong>, organizadas em carreira e voltadas para a\u00e7\u00f5es de policiamento ostensivo e comunit\u00e1rio.<\/p>\n<p>Para que os munic\u00edpios possam criar esse tipo de pol\u00edcia, ser\u00e1 necess\u00e1rio cumprir alguns crit\u00e9rios, como comprovar capacidade financeira para manter a corpora\u00e7\u00e3o, seguir padr\u00f5es nacionais de forma\u00e7\u00e3o de agentes e obter acredita\u00e7\u00e3o peri\u00f3dica do Conselho Estadual de Seguran\u00e7a P\u00fablica. Al\u00e9m disso, n\u00e3o poder\u00e1 haver dois \u00f3rg\u00e3os municipais de seguran\u00e7a p\u00fablica com fun\u00e7\u00f5es sobrepostas na mesma cidade.<\/p>\n<p><a href=\"https:\/\/www.youtube.com\/watch?v=GkrL7PMU7B4&amp;t=5s\"><img loading=\"lazy\" decoding=\"async\" class=\"wp-image-2634 aligncenter\" src=\"http:\/\/connectaoeste.com.br\/wp-content\/uploads\/2026\/02\/gdgsdgsd-300x62.png\" alt=\"\" width=\"474\" height=\"98\" srcset=\"https:\/\/connectaoeste.com.br\/wp-content\/uploads\/2026\/02\/gdgsdgsd-300x62.png 300w, https:\/\/connectaoeste.com.br\/wp-content\/uploads\/2026\/02\/gdgsdgsd-1024x213.png 1024w, https:\/\/connectaoeste.com.br\/wp-content\/uploads\/2026\/02\/gdgsdgsd-768x160.png 768w, https:\/\/connectaoeste.com.br\/wp-content\/uploads\/2026\/02\/gdgsdgsd-1536x320.png 1536w, https:\/\/connectaoeste.com.br\/wp-content\/uploads\/2026\/02\/gdgsdgsd-2048x427.png 2048w, https:\/\/connectaoeste.com.br\/wp-content\/uploads\/2026\/02\/gdgsdgsd-200x42.png 200w\" sizes=\"auto, (max-width: 474px) 100vw, 474px\" \/><\/a><\/p>\n<p>O texto tamb\u00e9m estabelece que tanto as guardas municipais quanto as futuras pol\u00edcias municipais estar\u00e3o sujeitas ao controle externo do Minist\u00e9rio P\u00fablico. Atualmente, o entendimento do Supremo Tribunal Federal impede que munic\u00edpios chamem suas guardas de pol\u00edcia por falta de previs\u00e3o constitucional, situa\u00e7\u00e3o que passar\u00e1 a ser permitida com a mudan\u00e7a.<\/p>\n<p>Outro ponto da PEC trata da <strong>pol\u00edcia penal<\/strong>, que passa a ser definida como \u00f3rg\u00e3o de natureza civil respons\u00e1vel pela cust\u00f3dia, disciplina e seguran\u00e7a dentro dos estabelecimentos prisionais. A proposta tamb\u00e9m cria o Sistema de Pol\u00edticas Penais, voltado \u00e0 gest\u00e3o do sistema penitenci\u00e1rio e \u00e0 integra\u00e7\u00e3o de pol\u00edticas de ressocializa\u00e7\u00e3o de pessoas privadas de liberdade.<\/p>\n<p>A proposta ainda amplia e esclarece atribui\u00e7\u00f5es da Pol\u00edcia Federal do Brasil, que ter\u00e1 compet\u00eancia para investigar crimes cometidos por organiza\u00e7\u00f5es criminosas e mil\u00edcias com repercuss\u00e3o interestadual ou internacional, al\u00e9m de crimes ambientais.<\/p>\n<p>J\u00e1 a Pol\u00edcia Rodovi\u00e1ria Federal continuar\u00e1 com o mesmo nome e passa a ter atribui\u00e7\u00f5es ampliadas, podendo realizar policiamento ostensivo em ferrovias e hidrovias federais e atuar na prote\u00e7\u00e3o de bens e instala\u00e7\u00f5es da Uni\u00e3o ou em apoio aos estados em situa\u00e7\u00f5es espec\u00edficas.<\/p>\n<p>Com a aprova\u00e7\u00e3o na C\u00e2mara, a PEC agora ser\u00e1 analisada pelo Senado. Caso seja aprovada tamb\u00e9m pelos senadores, a proposta ser\u00e1 promulgada e passar\u00e1 a fazer parte da Constitui\u00e7\u00e3o Federal.<\/p>\n<p style=\"text-align: center;\"><strong><img decoding=\"async\" class=\"emoji aligncenter\" role=\"img\" draggable=\"false\" src=\"https:\/\/s.w.org\/images\/core\/emoji\/16.0.1\/svg\/1f4e1.svg\" alt=\"\ud83d\udce1\" \/>\u00a0Connecta Oeste \u2014 conectando voc\u00ea \u00e0 informa\u00e7\u00e3o de qualidade!<\/strong><\/p>\n<p>&nbsp;<\/p>\n","protected":false},"excerpt":{"rendered":"<p>A C\u00e2mara dos Deputados do Brasil aprovou em segundo turno a Proposta de Emenda \u00e0 Constitui\u00e7\u00e3o (PEC) 18\/25, , conhecida como PEC da Seguran\u00e7a P\u00fablica. Com a conclus\u00e3o da vota\u00e7\u00e3o, Aprovada com 461 votos a 14 o texto agora segue para an\u00e1lise do Senado Federal do Brasil. A proposta promove mudan\u00e7as estruturais no sistema de [&hellip;]<\/p>\n","protected":false},"author":1,"featured_media":2775,"comment_status":"open","ping_status":"open","sticky":false,"template":"","format":"standard","meta":{"footnotes":""},"categories":[67,5],"tags":[],"class_list":["post-2774","post","type-post","status-publish","format-standard","has-post-thumbnail","hentry","category-guarda-municipal","category-noticias"],"_links":{"self":[{"href":"https:\/\/connectaoeste.com.br\/index.php\/wp-json\/wp\/v2\/posts\/2774","targetHints":{"allow":["GET"]}}],"collection":[{"href":"https:\/\/connectaoeste.com.br\/index.php\/wp-json\/wp\/v2\/posts"}],"about":[{"href":"https:\/\/connectaoeste.com.br\/index.php\/wp-json\/wp\/v2\/types\/post"}],"author":[{"embeddable":true,"href":"https:\/\/connectaoeste.com.br\/index.php\/wp-json\/wp\/v2\/users\/1"}],"replies":[{"embeddable":true,"href":"https:\/\/connectaoeste.com.br\/index.php\/wp-json\/wp\/v2\/comments?post=2774"}],"version-history":[{"count":4,"href":"https:\/\/connectaoeste.com.br\/index.php\/wp-json\/wp\/v2\/posts\/2774\/revisions"}],"predecessor-version":[{"id":2779,"href":"https:\/\/connectaoeste.com.br\/index.php\/wp-json\/wp\/v2\/posts\/2774\/revisions\/2779"}],"wp:featuredmedia":[{"embeddable":true,"href":"https:\/\/connectaoeste.com.br\/index.php\/wp-json\/wp\/v2\/media\/2775"}],"wp:attachment":[{"href":"https:\/\/connectaoeste.com.br\/index.php\/wp-json\/wp\/v2\/media?parent=2774"}],"wp:term":[{"taxonomy":"category","embeddable":true,"href":"https:\/\/connectaoeste.com.br\/index.php\/wp-json\/wp\/v2\/categories?post=2774"},{"taxonomy":"post_tag","embeddable":true,"href":"https:\/\/connectaoeste.com.br\/index.php\/wp-json\/wp\/v2\/tags?post=2774"}],"curies":[{"name":"wp","href":"https:\/\/api.w.org\/{rel}","templated":true}]}}