{"id":2783,"date":"2026-03-09T08:59:47","date_gmt":"2026-03-09T11:59:47","guid":{"rendered":"https:\/\/connectaoeste.com.br\/?p=2783"},"modified":"2026-03-09T08:59:47","modified_gmt":"2026-03-09T11:59:47","slug":"israel-ataca-depositos-de-petroleo-no-ira-e-conflito-entra-em-nova-fase","status":"publish","type":"post","link":"https:\/\/connectaoeste.com.br\/index.php\/2026\/03\/09\/israel-ataca-depositos-de-petroleo-no-ira-e-conflito-entra-em-nova-fase\/","title":{"rendered":"Israel ataca dep\u00f3sitos de petr\u00f3leo no Ir\u00e3 e conflito entra em nova fase."},"content":{"rendered":"<p>O conflito entre Israel e Ir\u00e3 ganhou uma nova escalada ap\u00f3s ataques a\u00e9reos israelenses atingirem dep\u00f3sitos e instala\u00e7\u00f5es de petr\u00f3leo na capital iraniana, Teer\u00e3. As explos\u00f5es provocaram grandes inc\u00eandios e colunas de fuma\u00e7a que puderam ser vistas em v\u00e1rias partes da cidade, marcando uma nova etapa na guerra entre os dois pa\u00edses.<\/p>\n<p>Segundo o Ex\u00e9rcito de Israel, os alvos eram tanques e centros de armazenamento de combust\u00edvel que, de acordo com o governo israelense, tamb\u00e9m estariam sendo utilizados para apoiar opera\u00e7\u00f5es militares iranianas. O ataque \u00e9 considerado significativo por atingir diretamente a infraestrutura energ\u00e9tica do pa\u00eds pela primeira vez desde o in\u00edcio da ofensiva.<\/p>\n<p>Relatos de ag\u00eancias internacionais indicam que enormes inc\u00eandios se espalharam ap\u00f3s os bombardeios, liberando fuma\u00e7a t\u00f3xica que cobriu parte da capital iraniana. Moradores relataram dificuldades para respirar e problemas respirat\u00f3rios devido \u00e0 polui\u00e7\u00e3o gerada pelas explos\u00f5es e pela queima de combust\u00edvel.<\/p>\n<p>De acordo com informa\u00e7\u00f5es divulgadas por ve\u00edculos de imprensa, pelo menos quatro pessoas morreram ap\u00f3s os ataques aos dep\u00f3sitos de petr\u00f3leo. As autoridades iranianas acusam Israel e os Estados Unidos de ampliar o conflito ao atingir infraestrutura considerada estrat\u00e9gica para o pa\u00eds.<\/p>\n<p><a href=\"https:\/\/www.youtube.com\/watch?v=GkrL7PMU7B4&amp;t=5s\"><img loading=\"lazy\" decoding=\"async\" class=\"wp-image-2634 aligncenter\" src=\"http:\/\/connectaoeste.com.br\/wp-content\/uploads\/2026\/02\/gdgsdgsd-300x62.png\" alt=\"\" width=\"474\" height=\"98\" srcset=\"https:\/\/connectaoeste.com.br\/wp-content\/uploads\/2026\/02\/gdgsdgsd-300x62.png 300w, https:\/\/connectaoeste.com.br\/wp-content\/uploads\/2026\/02\/gdgsdgsd-1024x213.png 1024w, https:\/\/connectaoeste.com.br\/wp-content\/uploads\/2026\/02\/gdgsdgsd-768x160.png 768w, https:\/\/connectaoeste.com.br\/wp-content\/uploads\/2026\/02\/gdgsdgsd-1536x320.png 1536w, https:\/\/connectaoeste.com.br\/wp-content\/uploads\/2026\/02\/gdgsdgsd-2048x427.png 2048w, https:\/\/connectaoeste.com.br\/wp-content\/uploads\/2026\/02\/gdgsdgsd-200x42.png 200w\" sizes=\"auto, (max-width: 474px) 100vw, 474px\" \/><\/a><\/p>\n<p>A ofensiva ocorre poucos dias ap\u00f3s o in\u00edcio de uma campanha militar conjunta que intensificou a guerra no Oriente M\u00e9dio. Desde ent\u00e3o, Ir\u00e3 e aliados t\u00eam respondido com ataques de m\u00edsseis e drones contra Israel e contra pa\u00edses da regi\u00e3o considerados parceiros dos Estados Unidos.<\/p>\n<p>Especialistas alertam que o bombardeio de instala\u00e7\u00f5es de petr\u00f3leo pode ter impactos globais, principalmente no mercado de energia, j\u00e1 que o Oriente M\u00e9dio \u00e9 respons\u00e1vel por grande parte da produ\u00e7\u00e3o mundial de petr\u00f3leo. O aumento da tens\u00e3o tamb\u00e9m levanta preocupa\u00e7\u00f5es sobre a seguran\u00e7a do Estreito de Hormuz, rota estrat\u00e9gica por onde passa grande parte do com\u00e9rcio internacional de petr\u00f3leo.<\/p>\n<p>O conflito continua em escalada e autoridades internacionais temem que a guerra se amplie ainda mais na regi\u00e3o, envolvendo outros pa\u00edses do Oriente M\u00e9dio e provocando efeitos econ\u00f4micos e humanit\u00e1rios em escala global.<\/p>\n<p style=\"text-align: center;\"><strong><img decoding=\"async\" class=\"emoji aligncenter\" role=\"img\" draggable=\"false\" src=\"https:\/\/s.w.org\/images\/core\/emoji\/16.0.1\/svg\/1f4e1.svg\" alt=\"\ud83d\udce1\" \/>\u00a0Connecta Oeste \u2014 conectando voc\u00ea \u00e0 informa\u00e7\u00e3o de qualidade!<\/strong><\/p>\n","protected":false},"excerpt":{"rendered":"<p>O conflito entre Israel e Ir\u00e3 ganhou uma nova escalada ap\u00f3s ataques a\u00e9reos israelenses atingirem dep\u00f3sitos e instala\u00e7\u00f5es de petr\u00f3leo na capital iraniana, Teer\u00e3. As explos\u00f5es provocaram grandes inc\u00eandios e colunas de fuma\u00e7a que puderam ser vistas em v\u00e1rias partes da cidade, marcando uma nova etapa na guerra entre os dois pa\u00edses. Segundo o Ex\u00e9rcito [&hellip;]<\/p>\n","protected":false},"author":1,"featured_media":2784,"comment_status":"open","ping_status":"open","sticky":false,"template":"","format":"standard","meta":{"footnotes":""},"categories":[82,9,5],"tags":[],"class_list":["post-2783","post","type-post","status-publish","format-standard","has-post-thumbnail","hentry","category-aumento","category-mundo","category-noticias"],"_links":{"self":[{"href":"https:\/\/connectaoeste.com.br\/index.php\/wp-json\/wp\/v2\/posts\/2783","targetHints":{"allow":["GET"]}}],"collection":[{"href":"https:\/\/connectaoeste.com.br\/index.php\/wp-json\/wp\/v2\/posts"}],"about":[{"href":"https:\/\/connectaoeste.com.br\/index.php\/wp-json\/wp\/v2\/types\/post"}],"author":[{"embeddable":true,"href":"https:\/\/connectaoeste.com.br\/index.php\/wp-json\/wp\/v2\/users\/1"}],"replies":[{"embeddable":true,"href":"https:\/\/connectaoeste.com.br\/index.php\/wp-json\/wp\/v2\/comments?post=2783"}],"version-history":[{"count":1,"href":"https:\/\/connectaoeste.com.br\/index.php\/wp-json\/wp\/v2\/posts\/2783\/revisions"}],"predecessor-version":[{"id":2785,"href":"https:\/\/connectaoeste.com.br\/index.php\/wp-json\/wp\/v2\/posts\/2783\/revisions\/2785"}],"wp:featuredmedia":[{"embeddable":true,"href":"https:\/\/connectaoeste.com.br\/index.php\/wp-json\/wp\/v2\/media\/2784"}],"wp:attachment":[{"href":"https:\/\/connectaoeste.com.br\/index.php\/wp-json\/wp\/v2\/media?parent=2783"}],"wp:term":[{"taxonomy":"category","embeddable":true,"href":"https:\/\/connectaoeste.com.br\/index.php\/wp-json\/wp\/v2\/categories?post=2783"},{"taxonomy":"post_tag","embeddable":true,"href":"https:\/\/connectaoeste.com.br\/index.php\/wp-json\/wp\/v2\/tags?post=2783"}],"curies":[{"name":"wp","href":"https:\/\/api.w.org\/{rel}","templated":true}]}}