{"id":2786,"date":"2026-03-10T22:28:05","date_gmt":"2026-03-11T01:28:05","guid":{"rendered":"https:\/\/connectaoeste.com.br\/?p=2786"},"modified":"2026-03-10T22:28:05","modified_gmt":"2026-03-11T01:28:05","slug":"neoenergia-coelba-abre-mais-de-200-vagas-para-escola-de-eletricistas-na-bahia-e-realiza-mutiroes-de-inscricao","status":"publish","type":"post","link":"https:\/\/connectaoeste.com.br\/index.php\/2026\/03\/10\/neoenergia-coelba-abre-mais-de-200-vagas-para-escola-de-eletricistas-na-bahia-e-realiza-mutiroes-de-inscricao\/","title":{"rendered":"Neoenergia Coelba abre mais de 200 vagas para Escola de Eletricistas na Bahia e realiza mutir\u00f5es de inscri\u00e7\u00e3o."},"content":{"rendered":"<p>A empresa Neoenergia Coelba abriu <strong>243 vagas para a Escola de Eletricistas<\/strong> em nove munic\u00edpios da Bahia. As inscri\u00e7\u00f5es seguem abertas <strong>at\u00e9 o dia 31 de mar\u00e7o<\/strong>, e a iniciativa busca capacitar novos profissionais para atuar no setor el\u00e9trico.<\/p>\n<p>Para facilitar a participa\u00e7\u00e3o dos interessados, a empresa tamb\u00e9m promove <strong>mutir\u00f5es de inscri\u00e7\u00f5es presenciais<\/strong> nos dias <strong>10 e 11 de mar\u00e7o<\/strong>, das <strong>8h \u00e0s 19h<\/strong>, em pontos centrais das cidades onde as turmas ser\u00e3o realizadas.<\/p>\n<p>As oportunidades est\u00e3o dispon\u00edveis nos seguintes munic\u00edpios:<\/p>\n<ul>\n<li>Feira de Santana<\/li>\n<li>Ilh\u00e9us<\/li>\n<li>Lu\u00eds Eduardo Magalh\u00e3es<\/li>\n<li>Itaberaba<\/li>\n<li>Remanso<\/li>\n<li>Seabra<\/li>\n<li>Jacobina<\/li>\n<li>Porto Seguro<\/li>\n<li>Ipia\u00fa<\/li>\n<\/ul>\n<p>O curso \u00e9 <strong>totalmente gratuito<\/strong> e realizado em parceria com o Servi\u00e7o Nacional de Aprendizagem Industrial (SENAI).<\/p>\n<p><a href=\"https:\/\/www.youtube.com\/watch?v=GkrL7PMU7B4&amp;t=5s\"><img loading=\"lazy\" decoding=\"async\" class=\"wp-image-2634 aligncenter\" src=\"http:\/\/connectaoeste.com.br\/wp-content\/uploads\/2026\/02\/gdgsdgsd-300x62.png\" alt=\"\" width=\"474\" height=\"98\" srcset=\"https:\/\/connectaoeste.com.br\/wp-content\/uploads\/2026\/02\/gdgsdgsd-300x62.png 300w, https:\/\/connectaoeste.com.br\/wp-content\/uploads\/2026\/02\/gdgsdgsd-1024x213.png 1024w, https:\/\/connectaoeste.com.br\/wp-content\/uploads\/2026\/02\/gdgsdgsd-768x160.png 768w, https:\/\/connectaoeste.com.br\/wp-content\/uploads\/2026\/02\/gdgsdgsd-1536x320.png 1536w, https:\/\/connectaoeste.com.br\/wp-content\/uploads\/2026\/02\/gdgsdgsd-2048x427.png 2048w, https:\/\/connectaoeste.com.br\/wp-content\/uploads\/2026\/02\/gdgsdgsd-200x42.png 200w\" sizes=\"auto, (max-width: 474px) 100vw, 474px\" \/><\/a><\/p>\n<p>Homens e mulheres podem participar do processo seletivo. Al\u00e9m disso, algumas turmas s\u00e3o <strong>exclusivas para mulheres<\/strong>, com o objetivo de ampliar a presen\u00e7a feminina no setor el\u00e9trico. Essas turmas afirmativas est\u00e3o dispon\u00edveis nas cidades de <strong>Porto Seguro, Ipia\u00fa e Jacobina<\/strong>.<\/p>\n<div id=\"chunk-752v6\">\n<div class=\"mc-column content-text active-extra-styles\" data-block-type=\"raw\" data-block-weight=\"5\" data-block-id=\"12\">\n<div class=\"content-intertitle\">\n<h5>Confira os endere\u00e7os dos mutir\u00f5es:<\/h5>\n<\/div>\n<\/div>\n<\/div>\n<div id=\"chunk-e14iv\">\n<div class=\"mc-column content-text active-extra-styles \" data-block-type=\"unstyled\" data-block-weight=\"12\" data-block-id=\"13\">\n<p class=\" content-text__container \" data-track-category=\"Link no Texto\" data-track-links=\"\" data-mrf-recirculation=\"Mat\u00e9ria - Links no Texto\"><strong>\ud83d\udccdItaberaba:\u00a0<\/strong>CDL \u2013 Pra\u00e7a Castro Alves, 137 \u2013 T\u00e9rreo, Centro \u2013 Itaberaba<\/p>\n<\/div>\n<\/div>\n<div id=\"chunk-c115o\">\n<div class=\"mc-column content-text active-extra-styles \" data-block-type=\"unstyled\" data-block-weight=\"11\" data-block-id=\"14\">\n<p class=\" content-text__container \" data-track-category=\"Link no Texto\" data-track-links=\"\" data-mrf-recirculation=\"Mat\u00e9ria - Links no Texto\"><strong>\ud83d\udccdSeabra:\u00a0<\/strong>ACISE \u2013 Av. Franklin de Queiroz, 475 \u2013 Centro, Seabra<\/p>\n<\/div>\n<\/div>\n<div id=\"chunk-9ck3v\">\n<div class=\"mc-column content-text active-extra-styles \" data-block-type=\"unstyled\" data-block-weight=\"17\" data-block-id=\"15\">\n<p class=\" content-text__container \" data-track-category=\"Link no Texto\" data-track-links=\"\" data-mrf-recirculation=\"Mat\u00e9ria - Links no Texto\"><strong>\ud83d\udccd<\/strong>Lu\u00eds Eduardo Magalh\u00e3es<strong>:\u00a0<\/strong>Rua Jos\u00e9 de Alencar, Quadra D4, S\/N, Loteamento Aroldo Cruz, Florais L\u00e9a \u2013 LEM<\/p>\n<\/div>\n<\/div>\n<div id=\"chunk-40ft\">\n<div class=\"mc-column content-text active-extra-styles \" data-block-type=\"unstyled\" data-block-weight=\"12\" data-block-id=\"16\">\n<p class=\" content-text__container \" data-track-category=\"Link no Texto\" data-track-links=\"\" data-mrf-recirculation=\"Mat\u00e9ria - Links no Texto\"><strong>\ud83d\udccdIlh\u00e9us:<\/strong>\u00a0Rodovia Jorge Amado, BR415, KM13 \u2013 Banco da Vitoria \u2013 Ilh\u00e9us<\/p>\n<\/div>\n<\/div>\n<div id=\"chunk-7ap13\">\n<div class=\"mc-column content-text active-extra-styles \" data-block-type=\"unstyled\" data-block-weight=\"16\" data-block-id=\"17\">\n<p class=\" content-text__container \" data-track-category=\"Link no Texto\" data-track-links=\"\" data-mrf-recirculation=\"Mat\u00e9ria - Links no Texto\"><strong>\ud83d\udccdFeira de Santana:<\/strong> Av. Eduardo Fr\u00f3es da Mota, n\u00ba 5.000, Campo Limpo \u2013 Feira de Santana<\/p>\n<\/div>\n<\/div>\n<p>Para concorrer a uma das vagas \u00e9 necess\u00e1rio:<\/p>\n<ul>\n<li>Ter <strong>ensino m\u00e9dio completo<\/strong>;<\/li>\n<li>Ter <strong>18 anos ou mais<\/strong>;<\/li>\n<li>Possuir <strong>Carteira Nacional de Habilita\u00e7\u00e3o (CNH) definitiva na categoria B ou superior<\/strong>.<\/li>\n<\/ul>\n<p>Ao concluir o curso, os participantes recebem <strong>certifica\u00e7\u00e3o profissional<\/strong> e passam a integrar o <strong>banco de talentos da Neoenergia Coelba<\/strong>, podendo ser chamados para futuras oportunidades de emprego na empresa.\u00a0A iniciativa busca oferecer <strong>qualifica\u00e7\u00e3o gratuita e novas oportunidades de trabalho<\/strong> para moradores da Bahia interessados em atuar na \u00e1rea el\u00e9trica.<\/p>\n<p style=\"text-align: center;\"><strong><img decoding=\"async\" class=\"emoji aligncenter\" role=\"img\" draggable=\"false\" src=\"https:\/\/s.w.org\/images\/core\/emoji\/16.0.1\/svg\/1f4e1.svg\" alt=\"\ud83d\udce1\" \/>\u00a0Connecta Oeste \u2014 conectando voc\u00ea \u00e0 informa\u00e7\u00e3o de qualidade!<\/strong><\/p>\n","protected":false},"excerpt":{"rendered":"<p>A empresa Neoenergia Coelba abriu 243 vagas para a Escola de Eletricistas em nove munic\u00edpios da Bahia. As inscri\u00e7\u00f5es seguem abertas at\u00e9 o dia 31 de mar\u00e7o, e a iniciativa busca capacitar novos profissionais para atuar no setor el\u00e9trico. Para facilitar a participa\u00e7\u00e3o dos interessados, a empresa tamb\u00e9m promove mutir\u00f5es de inscri\u00e7\u00f5es presenciais nos dias [&hellip;]<\/p>\n","protected":false},"author":1,"featured_media":2787,"comment_status":"open","ping_status":"open","sticky":false,"template":"","format":"standard","meta":{"footnotes":""},"categories":[82,7,8],"tags":[],"class_list":["post-2786","post","type-post","status-publish","format-standard","has-post-thumbnail","hentry","category-aumento","category-bahia","category-brasil"],"_links":{"self":[{"href":"https:\/\/connectaoeste.com.br\/index.php\/wp-json\/wp\/v2\/posts\/2786","targetHints":{"allow":["GET"]}}],"collection":[{"href":"https:\/\/connectaoeste.com.br\/index.php\/wp-json\/wp\/v2\/posts"}],"about":[{"href":"https:\/\/connectaoeste.com.br\/index.php\/wp-json\/wp\/v2\/types\/post"}],"author":[{"embeddable":true,"href":"https:\/\/connectaoeste.com.br\/index.php\/wp-json\/wp\/v2\/users\/1"}],"replies":[{"embeddable":true,"href":"https:\/\/connectaoeste.com.br\/index.php\/wp-json\/wp\/v2\/comments?post=2786"}],"version-history":[{"count":2,"href":"https:\/\/connectaoeste.com.br\/index.php\/wp-json\/wp\/v2\/posts\/2786\/revisions"}],"predecessor-version":[{"id":2789,"href":"https:\/\/connectaoeste.com.br\/index.php\/wp-json\/wp\/v2\/posts\/2786\/revisions\/2789"}],"wp:featuredmedia":[{"embeddable":true,"href":"https:\/\/connectaoeste.com.br\/index.php\/wp-json\/wp\/v2\/media\/2787"}],"wp:attachment":[{"href":"https:\/\/connectaoeste.com.br\/index.php\/wp-json\/wp\/v2\/media?parent=2786"}],"wp:term":[{"taxonomy":"category","embeddable":true,"href":"https:\/\/connectaoeste.com.br\/index.php\/wp-json\/wp\/v2\/categories?post=2786"},{"taxonomy":"post_tag","embeddable":true,"href":"https:\/\/connectaoeste.com.br\/index.php\/wp-json\/wp\/v2\/tags?post=2786"}],"curies":[{"name":"wp","href":"https:\/\/api.w.org\/{rel}","templated":true}]}}