{"id":2790,"date":"2026-03-10T22:41:58","date_gmt":"2026-03-11T01:41:58","guid":{"rendered":"https:\/\/connectaoeste.com.br\/?p=2790"},"modified":"2026-03-10T22:41:58","modified_gmt":"2026-03-11T01:41:58","slug":"analise-classificacao-de-cv-e-pcc-como-organizacoes-terroristas-pode-virar-tema-central-das-eleicoes-de-2026","status":"publish","type":"post","link":"https:\/\/connectaoeste.com.br\/index.php\/2026\/03\/10\/analise-classificacao-de-cv-e-pcc-como-organizacoes-terroristas-pode-virar-tema-central-das-eleicoes-de-2026\/","title":{"rendered":"An\u00e1lise: classifica\u00e7\u00e3o de CV e PCC como organiza\u00e7\u00f5es terroristas pode virar tema central das elei\u00e7\u00f5es de 2026."},"content":{"rendered":"<p>A poss\u00edvel decis\u00e3o dos Estados Unidos de classificar fac\u00e7\u00f5es criminosas brasileiras como organiza\u00e7\u00f5es terroristas pode provocar forte impacto pol\u00edtico no Brasil e se transformar em um dos principais temas da elei\u00e7\u00e3o presidencial de 2026. A avalia\u00e7\u00e3o \u00e9 do jornalista Octavio Guedes em an\u00e1lise publicada no blog do G1.<\/p>\n<p>Segundo a an\u00e1lise, a medida pode criar uma <strong>\u201carmadilha eleitoral\u201d<\/strong>, pois o debate tende a dividir o cen\u00e1rio pol\u00edtico entre posi\u00e7\u00f5es mais duras contra o crime organizado e cr\u00edticas sobre os impactos jur\u00eddicos e diplom\u00e1ticos dessa classifica\u00e7\u00e3o.<\/p>\n<p>A discuss\u00e3o envolve duas das maiores fac\u00e7\u00f5es criminosas do pa\u00eds:<\/p>\n<ul>\n<li><strong>Comando Vermelho<\/strong><\/li>\n<li><strong>Primeiro Comando da Capital<\/strong><\/li>\n<\/ul>\n<p>Esses grupos atuam principalmente no tr\u00e1fico de drogas, lavagem de dinheiro e outras atividades criminosas em v\u00e1rias regi\u00f5es do Brasil e tamb\u00e9m no exterior.<\/p>\n<p>Nos \u00faltimos anos, autoridades de seguran\u00e7a e governos estaduais passaram a defender que essas organiza\u00e7\u00f5es sejam enquadradas como <strong>terroristas<\/strong>, argumentando que elas utilizam armamento pesado e estrat\u00e9gias violentas que amea\u00e7am a seguran\u00e7a p\u00fablica.<\/p>\n<p><a href=\"https:\/\/www.youtube.com\/watch?v=GkrL7PMU7B4&amp;t=5s\"><img loading=\"lazy\" decoding=\"async\" class=\"wp-image-2634 aligncenter\" src=\"http:\/\/connectaoeste.com.br\/wp-content\/uploads\/2026\/02\/gdgsdgsd-300x62.png\" alt=\"\" width=\"474\" height=\"98\" srcset=\"https:\/\/connectaoeste.com.br\/wp-content\/uploads\/2026\/02\/gdgsdgsd-300x62.png 300w, https:\/\/connectaoeste.com.br\/wp-content\/uploads\/2026\/02\/gdgsdgsd-1024x213.png 1024w, https:\/\/connectaoeste.com.br\/wp-content\/uploads\/2026\/02\/gdgsdgsd-768x160.png 768w, https:\/\/connectaoeste.com.br\/wp-content\/uploads\/2026\/02\/gdgsdgsd-1536x320.png 1536w, https:\/\/connectaoeste.com.br\/wp-content\/uploads\/2026\/02\/gdgsdgsd-2048x427.png 2048w, https:\/\/connectaoeste.com.br\/wp-content\/uploads\/2026\/02\/gdgsdgsd-200x42.png 200w\" sizes=\"auto, (max-width: 474px) 100vw, 474px\" \/><\/a><\/p>\n<p>A possibilidade de classifica\u00e7\u00e3o internacional reacende um debate antigo no pa\u00eds. Parte da oposi\u00e7\u00e3o defende que o Brasil tamb\u00e9m adote esse enquadramento para ampliar o combate ao crime organizado. J\u00e1 integrantes do governo federal e especialistas alertam que a legisla\u00e7\u00e3o brasileira diferencia <strong>organiza\u00e7\u00f5es criminosas de grupos terroristas<\/strong>, o que poderia gerar problemas jur\u00eddicos e diplom\u00e1ticos.<\/p>\n<p>De acordo com a an\u00e1lise, se os Estados Unidos confirmarem a classifica\u00e7\u00e3o, o tema deve entrar com for\u00e7a no debate eleitoral. Candidatos podem usar o assunto para defender <strong>pol\u00edticas mais duras de seguran\u00e7a p\u00fablica<\/strong>, enquanto advers\u00e1rios podem questionar as consequ\u00eancias dessa decis\u00e3o para o pa\u00eds.<\/p>\n<p>Assim, a discuss\u00e3o sobre o enquadramento do crime organizado como terrorismo tende a ultrapassar o campo da seguran\u00e7a p\u00fablica e se tornar <strong>um dos principais embates pol\u00edticos da pr\u00f3xima elei\u00e7\u00e3o presidencial no Brasil<\/strong>.<\/p>\n<p style=\"text-align: center;\"><strong><img decoding=\"async\" class=\"emoji aligncenter\" role=\"img\" draggable=\"false\" src=\"https:\/\/s.w.org\/images\/core\/emoji\/16.0.1\/svg\/1f4e1.svg\" alt=\"\ud83d\udce1\" \/>\u00a0Connecta Oeste \u2014 conectando voc\u00ea \u00e0 informa\u00e7\u00e3o de qualidade!<\/strong><\/p>\n","protected":false},"excerpt":{"rendered":"<p>A poss\u00edvel decis\u00e3o dos Estados Unidos de classificar fac\u00e7\u00f5es criminosas brasileiras como organiza\u00e7\u00f5es terroristas pode provocar forte impacto pol\u00edtico no Brasil e se transformar em um dos principais temas da elei\u00e7\u00e3o presidencial de 2026. A avalia\u00e7\u00e3o \u00e9 do jornalista Octavio Guedes em an\u00e1lise publicada no blog do G1. Segundo a an\u00e1lise, a medida pode criar [&hellip;]<\/p>\n","protected":false},"author":1,"featured_media":2791,"comment_status":"open","ping_status":"open","sticky":false,"template":"","format":"standard","meta":{"footnotes":""},"categories":[82,8],"tags":[],"class_list":["post-2790","post","type-post","status-publish","format-standard","has-post-thumbnail","hentry","category-aumento","category-brasil"],"_links":{"self":[{"href":"https:\/\/connectaoeste.com.br\/index.php\/wp-json\/wp\/v2\/posts\/2790","targetHints":{"allow":["GET"]}}],"collection":[{"href":"https:\/\/connectaoeste.com.br\/index.php\/wp-json\/wp\/v2\/posts"}],"about":[{"href":"https:\/\/connectaoeste.com.br\/index.php\/wp-json\/wp\/v2\/types\/post"}],"author":[{"embeddable":true,"href":"https:\/\/connectaoeste.com.br\/index.php\/wp-json\/wp\/v2\/users\/1"}],"replies":[{"embeddable":true,"href":"https:\/\/connectaoeste.com.br\/index.php\/wp-json\/wp\/v2\/comments?post=2790"}],"version-history":[{"count":1,"href":"https:\/\/connectaoeste.com.br\/index.php\/wp-json\/wp\/v2\/posts\/2790\/revisions"}],"predecessor-version":[{"id":2792,"href":"https:\/\/connectaoeste.com.br\/index.php\/wp-json\/wp\/v2\/posts\/2790\/revisions\/2792"}],"wp:featuredmedia":[{"embeddable":true,"href":"https:\/\/connectaoeste.com.br\/index.php\/wp-json\/wp\/v2\/media\/2791"}],"wp:attachment":[{"href":"https:\/\/connectaoeste.com.br\/index.php\/wp-json\/wp\/v2\/media?parent=2790"}],"wp:term":[{"taxonomy":"category","embeddable":true,"href":"https:\/\/connectaoeste.com.br\/index.php\/wp-json\/wp\/v2\/categories?post=2790"},{"taxonomy":"post_tag","embeddable":true,"href":"https:\/\/connectaoeste.com.br\/index.php\/wp-json\/wp\/v2\/tags?post=2790"}],"curies":[{"name":"wp","href":"https:\/\/api.w.org\/{rel}","templated":true}]}}