{"id":2793,"date":"2026-03-11T16:45:52","date_gmt":"2026-03-11T19:45:52","guid":{"rendered":"https:\/\/connectaoeste.com.br\/?p=2793"},"modified":"2026-03-11T16:45:52","modified_gmt":"2026-03-11T19:45:52","slug":"prefeito-junior-maraba-faz-vistoria-no-inicio-das-obras-de-recapeamento-asfaltico","status":"publish","type":"post","link":"https:\/\/connectaoeste.com.br\/index.php\/2026\/03\/11\/prefeito-junior-maraba-faz-vistoria-no-inicio-das-obras-de-recapeamento-asfaltico\/","title":{"rendered":"Prefeito Junior Marab\u00e1 faz vistoria no in\u00edcio das obras de recapeamento asf\u00e1ltico."},"content":{"rendered":"<!--[if lt IE 9]><script>document.createElement('audio');<\/script><![endif]-->\n<audio class=\"wp-audio-shortcode\" id=\"audio-2793-1\" autoplay preload=\"auto\" style=\"width: 100%;\" controls=\"controls\"><source type=\"audio\/mpeg\" src=\"http:\/\/connectaoeste.com.br\/wp-content\/uploads\/2026\/03\/Audio-11_03_2026.m4a?_=1\" \/><a href=\"http:\/\/connectaoeste.com.br\/wp-content\/uploads\/2026\/03\/Audio-11_03_2026.m4a\">http:\/\/connectaoeste.com.br\/wp-content\/uploads\/2026\/03\/Audio-11_03_2026.m4a<\/a><\/audio>\n<p>Durante todo o dia desta segunda-feira, o prefeito Junior Marab\u00e1 esteve fiscalizando as obras de recapeamento asf\u00e1ltico na cidade de Lu\u00eds Eduardo Magalh\u00e3es, que teve in\u00edcio ap\u00f3s o longo per\u00edodo de chuvas na regi\u00e3o Oeste da Bahia. O trabalho da Secretaria de Infraestrutura come\u00e7ou na Rua Walter Pepino, no bairro Cidade Universit\u00e1ria, e na Rua Morro do Chap\u00e9u, no bairro Santa Cruz.<\/p>\n<p>\u201cEst\u00e1vamos aguardando as chuvas passarem para que pud\u00e9ssemos dar in\u00edcio \u00e0s obras de recapeamento das vias mais antigas da cidade. Iniciamos com tr\u00eas frentes de trabalho, uma aqui na Cidade Universit\u00e1ria e outra no Santa Cruz. E j\u00e1 na quarta-feira iremos iniciar com a Avenida Kishiro Mutara\u201d, informou o prefeito Junior Marab\u00e1.<\/p>\n<p><a href=\"https:\/\/www.youtube.com\/watch?v=GkrL7PMU7B4&amp;t=5s\"><img loading=\"lazy\" decoding=\"async\" class=\"wp-image-2634 aligncenter\" src=\"http:\/\/connectaoeste.com.br\/wp-content\/uploads\/2026\/02\/gdgsdgsd-300x62.png\" alt=\"\" width=\"474\" height=\"98\" srcset=\"https:\/\/connectaoeste.com.br\/wp-content\/uploads\/2026\/02\/gdgsdgsd-300x62.png 300w, https:\/\/connectaoeste.com.br\/wp-content\/uploads\/2026\/02\/gdgsdgsd-1024x213.png 1024w, https:\/\/connectaoeste.com.br\/wp-content\/uploads\/2026\/02\/gdgsdgsd-768x160.png 768w, https:\/\/connectaoeste.com.br\/wp-content\/uploads\/2026\/02\/gdgsdgsd-1536x320.png 1536w, https:\/\/connectaoeste.com.br\/wp-content\/uploads\/2026\/02\/gdgsdgsd-2048x427.png 2048w, https:\/\/connectaoeste.com.br\/wp-content\/uploads\/2026\/02\/gdgsdgsd-200x42.png 200w\" sizes=\"auto, (max-width: 474px) 100vw, 474px\" \/><\/a><\/p>\n<p>O prefeito acompanhou as obras nas ruas at\u00e9 tarde da noite, ao lado do vice-prefeito Franklin Willer &#8211; que \u00e9 ex-secret\u00e1rio de Infraestrutura, e do atual secret\u00e1rio Guelson Channakian. Marab\u00e1 explicou sua decis\u00e3o de iniciar as obras de recapeamento e recupera\u00e7\u00e3o das ruas antigas apenas agora, no per\u00edodo de estiagem.<\/p>\n<p>\u201cQuando assumimos o governo n\u00f3s t\u00ednhamos apenas cerca de 30% das ruas asfaltadas. Hoje estamos com mais de 80%. N\u00f3s n\u00e3o t\u00ednhamos como fazer asfalto e recapeamento ao mesmo tempo. Decidimos priorizar as ruas que estavam na lama e na poeira, onde fizemos bairros inteiros, a exemplo do Florais L\u00e9a, e agora iniciaremos o trabalho de recapeamento e requalifica\u00e7\u00e3o dos asfaltos mais antigos que foram feitos de forma inapropriada\u201d, explicou o prefeito Junior Marab\u00e1.<\/p>\n<p style=\"text-align: center;\"><strong><img decoding=\"async\" class=\"emoji aligncenter\" role=\"img\" draggable=\"false\" src=\"https:\/\/s.w.org\/images\/core\/emoji\/16.0.1\/svg\/1f4e1.svg\" alt=\"\ud83d\udce1\" \/>\u00a0Connecta Oeste \u2014 conectando voc\u00ea \u00e0 informa\u00e7\u00e3o de qualidade!<\/strong><\/p>\n","protected":false},"excerpt":{"rendered":"<p>Durante todo o dia desta segunda-feira, o prefeito Junior Marab\u00e1 esteve fiscalizando as obras de recapeamento asf\u00e1ltico na cidade de Lu\u00eds Eduardo Magalh\u00e3es, que teve in\u00edcio ap\u00f3s o longo per\u00edodo de chuvas na regi\u00e3o Oeste da Bahia. O trabalho da Secretaria de Infraestrutura come\u00e7ou na Rua Walter Pepino, no bairro Cidade Universit\u00e1ria, e na Rua [&hellip;]<\/p>\n","protected":false},"author":1,"featured_media":2794,"comment_status":"open","ping_status":"open","sticky":false,"template":"","format":"standard","meta":{"footnotes":""},"categories":[7,8,46],"tags":[],"class_list":["post-2793","post","type-post","status-publish","format-standard","has-post-thumbnail","hentry","category-bahia","category-brasil","category-lem"],"_links":{"self":[{"href":"https:\/\/connectaoeste.com.br\/index.php\/wp-json\/wp\/v2\/posts\/2793","targetHints":{"allow":["GET"]}}],"collection":[{"href":"https:\/\/connectaoeste.com.br\/index.php\/wp-json\/wp\/v2\/posts"}],"about":[{"href":"https:\/\/connectaoeste.com.br\/index.php\/wp-json\/wp\/v2\/types\/post"}],"author":[{"embeddable":true,"href":"https:\/\/connectaoeste.com.br\/index.php\/wp-json\/wp\/v2\/users\/1"}],"replies":[{"embeddable":true,"href":"https:\/\/connectaoeste.com.br\/index.php\/wp-json\/wp\/v2\/comments?post=2793"}],"version-history":[{"count":1,"href":"https:\/\/connectaoeste.com.br\/index.php\/wp-json\/wp\/v2\/posts\/2793\/revisions"}],"predecessor-version":[{"id":2796,"href":"https:\/\/connectaoeste.com.br\/index.php\/wp-json\/wp\/v2\/posts\/2793\/revisions\/2796"}],"wp:featuredmedia":[{"embeddable":true,"href":"https:\/\/connectaoeste.com.br\/index.php\/wp-json\/wp\/v2\/media\/2794"}],"wp:attachment":[{"href":"https:\/\/connectaoeste.com.br\/index.php\/wp-json\/wp\/v2\/media?parent=2793"}],"wp:term":[{"taxonomy":"category","embeddable":true,"href":"https:\/\/connectaoeste.com.br\/index.php\/wp-json\/wp\/v2\/categories?post=2793"},{"taxonomy":"post_tag","embeddable":true,"href":"https:\/\/connectaoeste.com.br\/index.php\/wp-json\/wp\/v2\/tags?post=2793"}],"curies":[{"name":"wp","href":"https:\/\/api.w.org\/{rel}","templated":true}]}}