{"id":280,"date":"2024-01-08T12:25:55","date_gmt":"2024-01-08T15:25:55","guid":{"rendered":"https:\/\/connectaoeste.com.br\/?p=280"},"modified":"2024-01-08T12:33:43","modified_gmt":"2024-01-08T15:33:43","slug":"prefeitura-de-lem-age-rapidamente-para-amparar-familias-impactadas-pelas-intensas-chuvas-assegurando-auxilio-financeiro-de-r10-mil","status":"publish","type":"post","link":"https:\/\/connectaoeste.com.br\/index.php\/2024\/01\/08\/prefeitura-de-lem-age-rapidamente-para-amparar-familias-impactadas-pelas-intensas-chuvas-assegurando-auxilio-financeiro-de-r10-mil\/","title":{"rendered":"Prefeitura de LEM age rapidamente para amparar fam\u00edlias impactadas pelas intensas chuvas, assegurando aux\u00edlio financeiro de R$10 mil"},"content":{"rendered":"\n<p>Foto: Rede Social <\/p>\n\n\n\n<p>As fortes chuvas, com mais de 180 mil\u00edmetros, que marcaram o primeiro dia do ano em Lu\u00eds Eduardo Magalh\u00e3es deixaram algumas fam\u00edlias moradoras da margem do Canal do Rio dos Cachorros numa situa\u00e7\u00e3o dif\u00edcil em fun\u00e7\u00e3o do grande volume de \u00e1gua. <\/p>\n\n\n\n<p>J\u00e1 desde o primeiro dia em que estes problemas come\u00e7aram, tr\u00eas equipes das secretarias da Cidadania e uma equipe da Infraestrutura iniciaram um trabalho de aten\u00e7\u00e3o \u00e0s fam\u00edlias das casas atingidas pelas \u00e1guas. <\/p>\n\n\n\n<p>Todo este trabalho resultou em mais de 70 fam\u00edlias acolhidas, onde algumas j\u00e1 se encontram em abrigo do munic\u00edpio ou em hot\u00e9is da cidade.<\/p>\n\n\n\n<figure class=\"wp-block-image size-large\"><img loading=\"lazy\" decoding=\"async\" width=\"1024\" height=\"109\" src=\"http:\/\/connectaoeste.com.br\/wp-content\/uploads\/2023\/11\/cropped-cropped-SITE-ID-001-10-1024x109.png\" alt=\"\" class=\"wp-image-109\" srcset=\"https:\/\/connectaoeste.com.br\/wp-content\/uploads\/2023\/11\/cropped-cropped-SITE-ID-001-10-1024x109.png 1024w, https:\/\/connectaoeste.com.br\/wp-content\/uploads\/2023\/11\/cropped-cropped-SITE-ID-001-10-300x32.png 300w, https:\/\/connectaoeste.com.br\/wp-content\/uploads\/2023\/11\/cropped-cropped-SITE-ID-001-10-768x82.png 768w, https:\/\/connectaoeste.com.br\/wp-content\/uploads\/2023\/11\/cropped-cropped-SITE-ID-001-10-1536x164.png 1536w, https:\/\/connectaoeste.com.br\/wp-content\/uploads\/2023\/11\/cropped-cropped-SITE-ID-001-10-2048x218.png 2048w\" sizes=\"auto, (max-width: 1024px) 100vw, 1024px\" \/><\/figure>\n\n\n\n<p>Para o prefeito Junior Marab\u00e1, as fam\u00edlias precisam ter seus lares recuperados de forma digna.&nbsp;<strong><em>\u201cAs pessoas precisam voltar para suas casas com dignidade. E para que isso aconte\u00e7a decidimos oferecer um aux\u00edlio de R$10 mil para compra de m\u00f3veis e pertences danificados pelas chuvas. E para as fam\u00edlias que estavam em risco e sem ter para onde ir estamos disponibilizando um Aluguel Social no valor de um sal\u00e1rio m\u00ednimo\u201d<\/em><\/strong>.<\/p>\n\n\n\n<p><strong><em>\u201cFelizmente n\u00e3o perdemos vidas. Foram s\u00f3 perdas materiais. Gra\u00e7as \u00e0s obras estruturantes realizadas ao longo destes tr\u00eas anos, foram evitadas piores consequ\u00eancias\u201d<\/em><\/strong>, disse a secret\u00e1ria da Cidadania, Scheilla Bernardes, referindo-se \u00e0s constru\u00e7\u00f5es das Bacias de Conten\u00e7\u00e3o e a limpeza e constru\u00e7\u00e3o do Canal dos Cachorros.<\/p>\n\n\n\n<p>Vale ressaltar que durante os tr\u00eas anos do atual governo diversas iniciativas foram adotadas para a redu\u00e7\u00e3o dos danos causados neste per\u00edodo de chuvas. O que n\u00e3o havia previs\u00e3o era uma chuva de 180 mil\u00edmetros em apenas duas horas.<\/p>\n\n\n\n<p><em><strong>Fonte:<\/strong><\/em> <strong><em>seligabarreiras<\/em><\/strong><\/p>\n","protected":false},"excerpt":{"rendered":"<p>Foto: Rede Social As fortes chuvas, com mais de 180 mil\u00edmetros, que marcaram o primeiro dia do ano em Lu\u00eds Eduardo Magalh\u00e3es deixaram algumas fam\u00edlias moradoras da margem do Canal do Rio dos Cachorros numa situa\u00e7\u00e3o dif\u00edcil em fun\u00e7\u00e3o do grande volume de \u00e1gua. J\u00e1 desde o primeiro dia em que estes problemas come\u00e7aram, tr\u00eas [&hellip;]<\/p>\n","protected":false},"author":1,"featured_media":281,"comment_status":"open","ping_status":"open","sticky":false,"template":"","format":"standard","meta":{"footnotes":""},"categories":[7,5],"tags":[18,14],"class_list":["post-280","post","type-post","status-publish","format-standard","has-post-thumbnail","hentry","category-bahia","category-noticias","tag-lem","tag-noticias"],"_links":{"self":[{"href":"https:\/\/connectaoeste.com.br\/index.php\/wp-json\/wp\/v2\/posts\/280","targetHints":{"allow":["GET"]}}],"collection":[{"href":"https:\/\/connectaoeste.com.br\/index.php\/wp-json\/wp\/v2\/posts"}],"about":[{"href":"https:\/\/connectaoeste.com.br\/index.php\/wp-json\/wp\/v2\/types\/post"}],"author":[{"embeddable":true,"href":"https:\/\/connectaoeste.com.br\/index.php\/wp-json\/wp\/v2\/users\/1"}],"replies":[{"embeddable":true,"href":"https:\/\/connectaoeste.com.br\/index.php\/wp-json\/wp\/v2\/comments?post=280"}],"version-history":[{"count":2,"href":"https:\/\/connectaoeste.com.br\/index.php\/wp-json\/wp\/v2\/posts\/280\/revisions"}],"predecessor-version":[{"id":284,"href":"https:\/\/connectaoeste.com.br\/index.php\/wp-json\/wp\/v2\/posts\/280\/revisions\/284"}],"wp:featuredmedia":[{"embeddable":true,"href":"https:\/\/connectaoeste.com.br\/index.php\/wp-json\/wp\/v2\/media\/281"}],"wp:attachment":[{"href":"https:\/\/connectaoeste.com.br\/index.php\/wp-json\/wp\/v2\/media?parent=280"}],"wp:term":[{"taxonomy":"category","embeddable":true,"href":"https:\/\/connectaoeste.com.br\/index.php\/wp-json\/wp\/v2\/categories?post=280"},{"taxonomy":"post_tag","embeddable":true,"href":"https:\/\/connectaoeste.com.br\/index.php\/wp-json\/wp\/v2\/tags?post=280"}],"curies":[{"name":"wp","href":"https:\/\/api.w.org\/{rel}","templated":true}]}}